{"id":4659,"date":"2021-03-17T00:00:00","date_gmt":"2021-03-17T00:00:00","guid":{"rendered":"https:\/\/pruebas.cursopracticoseo.com\/wordpress_o\/aplazamiento-junta-general-ordinaria-2021-de-la-cofradia-de-las-siete-palabras-de-jesus-en-la-cruz-de-leon\/"},"modified":"2021-03-17T00:00:00","modified_gmt":"2021-03-17T00:00:00","slug":"aplazamiento-junta-general-ordinaria-2021-de-la-cofradia-de-las-siete-palabras-de-jesus-en-la-cruz-de-leon","status":"publish","type":"post","link":"https:\/\/pruebas.cursopracticoseo.com\/wordpress_o\/aplazamiento-junta-general-ordinaria-2021-de-la-cofradia-de-las-siete-palabras-de-jesus-en-la-cruz-de-leon\/","title":{"rendered":"APLAZAMIENTO JUNTA GENERAL ORDINARIA 2021 DE LA COFRADIA DE LAS SIETE PALABRAS DE JESUS EN LA CRUZ DE LEON"},"content":{"rendered":"<p>Ante la actual situaci\u00f3n sanitaria que vivimos derivada de la pandemia del Covid-19 y las medidas en virtud de los Acuerdos 76\/2020 y 21\/2021 que ha adoptado la Junta de Castilla y Le\u00f3n, la Junta de Seises de la Cofrad\u00eda de la Siete Palabras de Jes\u00fas en la Cruz comunica a sus Hermanos la decisi\u00f3n adoptada en conformidad con el Consiliario de nuestra penitencial, de:<\/p>\n<p>Aplazar la Junta General de Hermanos a una fecha por determinar, en la que existan las garant\u00edas necesarias de seguridad para la salud de todos los asistentes y las autoridades p\u00fablicas lo permitan.<\/p>\n<p>Queremos tambi\u00e9n exhortar a todos los Hermanos a vivir y sentir la Cofrad\u00eda participando en los distintos actos que se realizan a lo largo del a\u00f1o, as\u00ed como a ser parte activa de los actos que celebraremos durante la Cuaresma y la Semana Santa de 2021.<\/p>\n<p>Instar encarecidamente a todos los Hermanos de la Cofrad\u00eda a atender las instrucciones emanadas de la Junta de Seises destinadas a cumplir todas las medidas e indicaciones dadas por las autoridades civiles y eclesi\u00e1sticas en favor de una mejora de las condiciones de salud p\u00fablica.<\/p>\n<p>Agradeciendo a todos los Hermanos de la Cofrad\u00eda su comprensi\u00f3n y muestras de apoyo recibidas, recibid un fraternal abrazo en Cristo, en su advocaci\u00f3n del Sant\u00edsimo Cristo de la Agon\u00eda.<\/p>\n","protected":false},"excerpt":{"rendered":"<p>Ante la actual situaci\u00f3n sanitaria que vivimos derivada de la pandemia del Covid-19 y las medidas en virtud de los Acuerdos 76\/2020 y 21\/2021 que ha adoptado la Junta de Castilla y Le\u00f3n, la Junta de Seises de la Cofrad\u00eda de la Siete Palabras de Jes\u00fas en la Cruz comunica a sus Hermanos la decisi\u00f3n [&hellip;]<\/p>\n","protected":false},"author":1,"featured_media":0,"comment_status":"open","ping_status":"open","sticky":false,"template":"","format":"standard","meta":{"footnotes":""},"categories":[28],"tags":[],"class_list":["post-4659","post","type-post","status-publish","format-standard","hentry","category-historico"],"_links":{"self":[{"href":"https:\/\/pruebas.cursopracticoseo.com\/wordpress_o\/wp-json\/wp\/v2\/posts\/4659","targetHints":{"allow":["GET"]}}],"collection":[{"href":"https:\/\/pruebas.cursopracticoseo.com\/wordpress_o\/wp-json\/wp\/v2\/posts"}],"about":[{"href":"https:\/\/pruebas.cursopracticoseo.com\/wordpress_o\/wp-json\/wp\/v2\/types\/post"}],"author":[{"embeddable":true,"href":"https:\/\/pruebas.cursopracticoseo.com\/wordpress_o\/wp-json\/wp\/v2\/users\/1"}],"replies":[{"embeddable":true,"href":"https:\/\/pruebas.cursopracticoseo.com\/wordpress_o\/wp-json\/wp\/v2\/comments?post=4659"}],"version-history":[{"count":0,"href":"https:\/\/pruebas.cursopracticoseo.com\/wordpress_o\/wp-json\/wp\/v2\/posts\/4659\/revisions"}],"wp:attachment":[{"href":"https:\/\/pruebas.cursopracticoseo.com\/wordpress_o\/wp-json\/wp\/v2\/media?parent=4659"}],"wp:term":[{"taxonomy":"category","embeddable":true,"href":"https:\/\/pruebas.cursopracticoseo.com\/wordpress_o\/wp-json\/wp\/v2\/categories?post=4659"},{"taxonomy":"post_tag","embeddable":true,"href":"https:\/\/pruebas.cursopracticoseo.com\/wordpress_o\/wp-json\/wp\/v2\/tags?post=4659"}],"curies":[{"name":"wp","href":"https:\/\/api.w.org\/{rel}","templated":true}]}}