{"id":4654,"date":"2021-03-23T00:00:00","date_gmt":"2021-03-23T00:00:00","guid":{"rendered":"https:\/\/pruebas.cursopracticoseo.com\/wordpress_o\/actos-de-la-cofradia-del-santo-cristo-del-perdon\/"},"modified":"2021-03-23T00:00:00","modified_gmt":"2021-03-23T00:00:00","slug":"actos-de-la-cofradia-del-santo-cristo-del-perdon","status":"publish","type":"post","link":"https:\/\/pruebas.cursopracticoseo.com\/wordpress_o\/actos-de-la-cofradia-del-santo-cristo-del-perdon\/","title":{"rendered":"ACTOS DE LA COFRAD\u00cdA DEL SANTO CRISTO DEL PERD\u00d3N"},"content":{"rendered":"<p>Actos de la Cofrad\u00eda del Santo Cristo del Perd\u00f3n durante la pr\u00f3xima Semana Santa:<\/p>\n<p>&#8211; D\u00eda 28, a las 12:00 horas, en nuestra sede Can\u00f3nica, Parroquia de San Francisco de la Vega, Solemne Misa de Domingo de Ramos.<\/p>\n<p>&#8211; D\u00eda 30, MARTES SANTO, a las 20:00 horas, y con motivo de no poder realizar nuestra Procesi\u00f3n, debido de la situaci\u00f3n de emergencia de salud p\u00fablica, Solemne Misa de Hermandad de la Cofrad\u00eda, por las almas de los fallecidos por la pandemia y pronta recuperaci\u00f3n de los afectados en general y los miembros de nuestra Cofrad\u00eda en general, con la participaci\u00f3n de un Tr\u00edo de Capilla de la Banda de la Escuela de M\u00fasica de la Cofrad\u00eda.<\/p>\n<p>Desde el viernes d\u00eda 26 de marzo hasta el Domingo de Resurrecci\u00f3n, se expondr\u00e1n las im\u00e1genes de la Cofrad\u00eda, en el Presbiterio, a ambos lados del Altar de la Iglesia, la cual se encontrar\u00e1 abierta una hora antes y una hora despu\u00e9s de cada celebraci\u00f3n Eucar\u00edstica, con excepci\u00f3n del Martes Santos, que estar\u00e1 abierta a partir de las 17:00 horas, para que los hermanos o dem\u00e1s personas que lo deseen puedan acercarse a visitar dicha exposici\u00f3n.<\/p>\n<p>Para ello se tendr\u00e1n en cuenta los siguientes actos religiosos que, entre otros, est\u00e1n previstos celebrarse en la Parroquia, en los que la Junta de Seises y los hermanos que lo deseen participaran:<\/p>\n<p>&#8211; JUEVES SANTO: Santos Oficios a las 18:00 horas.<br \/>\n&#8211; VIERNES SANTO: A las 12:40 horas VIACRUCIS CANTADO y a las 17:00 horas Santos Oficios.<br \/>\n&#8211; SABADO SANTO: Solemne Vigilia Pascual a las 19:00 horas, para<br \/>\nconmemorar al Resurrecci\u00f3n de Jes\u00fas.<br \/>\n&#8211; DOMINGO DE RESURECI\u00d3N: Eucarist\u00eda de Domingo de Resurrecci\u00f3n, a las 12:00 horas.<\/p>\n<p>Todos estos actos se llevar\u00e1n a cabo atendiendo a las indicaciones realizadas por las Autoridades Civiles, Sanitarias y Eclesi\u00e1sticas (aforos, distancias sanitarias, etc.), debido a la situaci\u00f3n de emergencia de salud p\u00fablica ocasionada por el COVID-19.<\/p>\n","protected":false},"excerpt":{"rendered":"<p>Actos de la Cofrad\u00eda del Santo Cristo del Perd\u00f3n durante la pr\u00f3xima Semana Santa: &#8211; D\u00eda 28, a las 12:00 horas, en nuestra sede Can\u00f3nica, Parroquia de San Francisco de la Vega, Solemne Misa de Domingo de Ramos. &#8211; D\u00eda 30, MARTES SANTO, a las 20:00 horas, y con motivo de no poder realizar nuestra [&hellip;]<\/p>\n","protected":false},"author":1,"featured_media":0,"comment_status":"open","ping_status":"open","sticky":false,"template":"","format":"standard","meta":{"footnotes":""},"categories":[28],"tags":[],"class_list":["post-4654","post","type-post","status-publish","format-standard","hentry","category-historico"],"_links":{"self":[{"href":"https:\/\/pruebas.cursopracticoseo.com\/wordpress_o\/wp-json\/wp\/v2\/posts\/4654","targetHints":{"allow":["GET"]}}],"collection":[{"href":"https:\/\/pruebas.cursopracticoseo.com\/wordpress_o\/wp-json\/wp\/v2\/posts"}],"about":[{"href":"https:\/\/pruebas.cursopracticoseo.com\/wordpress_o\/wp-json\/wp\/v2\/types\/post"}],"author":[{"embeddable":true,"href":"https:\/\/pruebas.cursopracticoseo.com\/wordpress_o\/wp-json\/wp\/v2\/users\/1"}],"replies":[{"embeddable":true,"href":"https:\/\/pruebas.cursopracticoseo.com\/wordpress_o\/wp-json\/wp\/v2\/comments?post=4654"}],"version-history":[{"count":0,"href":"https:\/\/pruebas.cursopracticoseo.com\/wordpress_o\/wp-json\/wp\/v2\/posts\/4654\/revisions"}],"wp:attachment":[{"href":"https:\/\/pruebas.cursopracticoseo.com\/wordpress_o\/wp-json\/wp\/v2\/media?parent=4654"}],"wp:term":[{"taxonomy":"category","embeddable":true,"href":"https:\/\/pruebas.cursopracticoseo.com\/wordpress_o\/wp-json\/wp\/v2\/categories?post=4654"},{"taxonomy":"post_tag","embeddable":true,"href":"https:\/\/pruebas.cursopracticoseo.com\/wordpress_o\/wp-json\/wp\/v2\/tags?post=4654"}],"curies":[{"name":"wp","href":"https:\/\/api.w.org\/{rel}","templated":true}]}}