{"id":4651,"date":"2021-03-28T00:00:00","date_gmt":"2021-03-28T00:00:00","guid":{"rendered":"https:\/\/pruebas.cursopracticoseo.com\/wordpress_o\/braceros-y-braceras-virtuales-del-perdon-2\/"},"modified":"2021-03-28T00:00:00","modified_gmt":"2021-03-28T00:00:00","slug":"braceros-y-braceras-virtuales-del-perdon-2","status":"publish","type":"post","link":"https:\/\/pruebas.cursopracticoseo.com\/wordpress_o\/braceros-y-braceras-virtuales-del-perdon-2\/","title":{"rendered":"Braceros y Braceras Virtuales del Perd\u00f3n"},"content":{"rendered":"<p>Braceros y Braceras Virtuales del Perd\u00f3n.<br \/>\nEste Martes Santo te puedes convertir en \u201cBracero o Bracera Virtual\u201d de nuestras im\u00e1genes procesionales.<br \/>\nPara ello, se publicaran en nuestros canales de Facebook, Instagram y Twitter fotograf\u00edas con la finalidad de que las compartas en tus Redes Sociales y as\u00ed te puedas convertir por un d\u00eda en bracero o bracera de nuestra Cofrad\u00eda de manera virtual.<br \/>\nFACEBOOK: https:\/\/www.facebook.com\/cofradiasantocristodelperdon<br \/>\nComparte en tu Facebook las fotograf\u00edas que publiquemos de nuestras im\u00e1genes procesionales y convi\u00e9rtete en \u201cBracero o Bracera Virtual\u201d.<br \/>\nINSTAGRAM: https:\/\/www.instagram.com\/scdp_leon<br \/>\nComparte en tu \u201cHistoria de Instagram y menci\u00f3nanos\u201d, las fotograf\u00edas que publiquemos de nuestras im\u00e1genes procesionales y convi\u00e9rtete en \u201cBracero o Bracera Virtual\u201d.<br \/>\nTWITTER: https:\/\/twitter.com\/scdp_leon<br \/>\nRetuitea y menci\u00f3nanos en las fotograf\u00edas que publiquemos de nuestras im\u00e1genes procesionales y convi\u00e9rtete en \u201cBracero o Bracera Virtual\u201d.<br \/>\nPasemos un Martes Santo unidos.<br \/>\n\u00a1S\u00edguenos! \u00a1Comparte nuestras im\u00e1genes!<\/p>\n","protected":false},"excerpt":{"rendered":"<p>Braceros y Braceras Virtuales del Perd\u00f3n. Este Martes Santo te puedes convertir en \u201cBracero o Bracera Virtual\u201d de nuestras im\u00e1genes procesionales. Para ello, se publicaran en nuestros canales de Facebook, Instagram y Twitter fotograf\u00edas con la finalidad de que las compartas en tus Redes Sociales y as\u00ed te puedas convertir por un d\u00eda en bracero [&hellip;]<\/p>\n","protected":false},"author":1,"featured_media":0,"comment_status":"open","ping_status":"open","sticky":false,"template":"","format":"standard","meta":{"footnotes":""},"categories":[28],"tags":[],"class_list":["post-4651","post","type-post","status-publish","format-standard","hentry","category-historico"],"_links":{"self":[{"href":"https:\/\/pruebas.cursopracticoseo.com\/wordpress_o\/wp-json\/wp\/v2\/posts\/4651","targetHints":{"allow":["GET"]}}],"collection":[{"href":"https:\/\/pruebas.cursopracticoseo.com\/wordpress_o\/wp-json\/wp\/v2\/posts"}],"about":[{"href":"https:\/\/pruebas.cursopracticoseo.com\/wordpress_o\/wp-json\/wp\/v2\/types\/post"}],"author":[{"embeddable":true,"href":"https:\/\/pruebas.cursopracticoseo.com\/wordpress_o\/wp-json\/wp\/v2\/users\/1"}],"replies":[{"embeddable":true,"href":"https:\/\/pruebas.cursopracticoseo.com\/wordpress_o\/wp-json\/wp\/v2\/comments?post=4651"}],"version-history":[{"count":0,"href":"https:\/\/pruebas.cursopracticoseo.com\/wordpress_o\/wp-json\/wp\/v2\/posts\/4651\/revisions"}],"wp:attachment":[{"href":"https:\/\/pruebas.cursopracticoseo.com\/wordpress_o\/wp-json\/wp\/v2\/media?parent=4651"}],"wp:term":[{"taxonomy":"category","embeddable":true,"href":"https:\/\/pruebas.cursopracticoseo.com\/wordpress_o\/wp-json\/wp\/v2\/categories?post=4651"},{"taxonomy":"post_tag","embeddable":true,"href":"https:\/\/pruebas.cursopracticoseo.com\/wordpress_o\/wp-json\/wp\/v2\/tags?post=4651"}],"curies":[{"name":"wp","href":"https:\/\/api.w.org\/{rel}","templated":true}]}}