{"id":4646,"date":"2021-05-13T00:00:00","date_gmt":"2021-05-13T00:00:00","guid":{"rendered":"https:\/\/pruebas.cursopracticoseo.com\/wordpress_o\/curso-de-musica-sacra-gregoriano-liturgia-y-organo\/"},"modified":"2021-05-13T00:00:00","modified_gmt":"2021-05-13T00:00:00","slug":"curso-de-musica-sacra-gregoriano-liturgia-y-organo","status":"publish","type":"post","link":"https:\/\/pruebas.cursopracticoseo.com\/wordpress_o\/curso-de-musica-sacra-gregoriano-liturgia-y-organo\/","title":{"rendered":"CURSO DE M\u00daSICA SACRA Gregoriano, liturgia y \u00f3rgano."},"content":{"rendered":"<p>Monasterio de Santa Mar\u00eda de Carbajal, Le\u00f3n (Espa\u00f1a).<\/p>\n<p>Del 2 al 7 de agosto de 2021.<\/p>\n<p>Dirigido a directores de coro, cantores, organistas, y a todas aquellas personas que realizan un servicio de animaci\u00f3n musical en la Iglesia.<\/p>\n<p>La m\u00fasica tiene la misi\u00f3n sacramental de hacer m\u00e1s accesibles las realidades invisibles, y, dada la relevancia de esta tarea, no se puede dejar de lado la cuesti\u00f3n como algo embarazoso que hay que evitar. El Papa Pablo VI dej\u00f3 clara cu\u00e1l es la misi\u00f3n de los artistas, misi\u00f3n que podemos aplicar perfectamente a los m\u00fasicos: \u201cVosotros en esto sois maestros. Es este vuestro oficio, vuestra misi\u00f3n: vuestro arte es ciertamente aquel de entender los tesoros del cielo, del esp\u00edritu y revestirlos de palabra, de color, de formas, de accesibilidad\u201d.<\/p>\n<p>El Curso de M\u00fasica Sacra tendr\u00e1 como objetivo principal concienciar a los participantes sobre la importancia de la presencia del gregoriano y el \u00f3rgano en las celebraciones de la Iglesia, haciendo hincapi\u00e9 en un repertorio lit\u00fargico digno y de la m\u00e1s elevada calidad. Para ello se contar\u00e1 con profesores experimentados en cada una de las materias que se trabajar\u00e1n, as\u00ed como de espacios e instrumentos excepcionales para desarrollar las distintas actividades, destacando la Catedral de Le\u00f3n y su gran \u00f3rgano Klais de cinco teclados.<\/p>\n<p>La inscripci\u00f3n se realizar\u00e1 enviando un e-mail a la direcci\u00f3n musicasacraleon@gmail.com hasta el 15 de julio de 2021 (las plazas son limitadas).<\/p>\n","protected":false},"excerpt":{"rendered":"<p>Monasterio de Santa Mar\u00eda de Carbajal, Le\u00f3n (Espa\u00f1a). Del 2 al 7 de agosto de 2021. Dirigido a directores de coro, cantores, organistas, y a todas aquellas personas que realizan un servicio de animaci\u00f3n musical en la Iglesia. La m\u00fasica tiene la misi\u00f3n sacramental de hacer m\u00e1s accesibles las realidades invisibles, y, dada la relevancia [&hellip;]<\/p>\n","protected":false},"author":1,"featured_media":0,"comment_status":"open","ping_status":"open","sticky":false,"template":"","format":"standard","meta":{"footnotes":""},"categories":[28],"tags":[],"class_list":["post-4646","post","type-post","status-publish","format-standard","hentry","category-historico"],"_links":{"self":[{"href":"https:\/\/pruebas.cursopracticoseo.com\/wordpress_o\/wp-json\/wp\/v2\/posts\/4646","targetHints":{"allow":["GET"]}}],"collection":[{"href":"https:\/\/pruebas.cursopracticoseo.com\/wordpress_o\/wp-json\/wp\/v2\/posts"}],"about":[{"href":"https:\/\/pruebas.cursopracticoseo.com\/wordpress_o\/wp-json\/wp\/v2\/types\/post"}],"author":[{"embeddable":true,"href":"https:\/\/pruebas.cursopracticoseo.com\/wordpress_o\/wp-json\/wp\/v2\/users\/1"}],"replies":[{"embeddable":true,"href":"https:\/\/pruebas.cursopracticoseo.com\/wordpress_o\/wp-json\/wp\/v2\/comments?post=4646"}],"version-history":[{"count":0,"href":"https:\/\/pruebas.cursopracticoseo.com\/wordpress_o\/wp-json\/wp\/v2\/posts\/4646\/revisions"}],"wp:attachment":[{"href":"https:\/\/pruebas.cursopracticoseo.com\/wordpress_o\/wp-json\/wp\/v2\/media?parent=4646"}],"wp:term":[{"taxonomy":"category","embeddable":true,"href":"https:\/\/pruebas.cursopracticoseo.com\/wordpress_o\/wp-json\/wp\/v2\/categories?post=4646"},{"taxonomy":"post_tag","embeddable":true,"href":"https:\/\/pruebas.cursopracticoseo.com\/wordpress_o\/wp-json\/wp\/v2\/tags?post=4646"}],"curies":[{"name":"wp","href":"https:\/\/api.w.org\/{rel}","templated":true}]}}