{"id":4643,"date":"2021-05-31T00:00:00","date_gmt":"2021-05-31T00:00:00","guid":{"rendered":"https:\/\/pruebas.cursopracticoseo.com\/wordpress_o\/santa-marta-recorrio-las-huellas-de-la-hermandad\/"},"modified":"2021-05-31T00:00:00","modified_gmt":"2021-05-31T00:00:00","slug":"santa-marta-recorrio-las-huellas-de-la-hermandad","status":"publish","type":"post","link":"https:\/\/pruebas.cursopracticoseo.com\/wordpress_o\/santa-marta-recorrio-las-huellas-de-la-hermandad\/","title":{"rendered":"SANTA MARTA RECORRI\u00d3 \u00abLAS HUELLAS DE LA HERMANDAD\u00bb"},"content":{"rendered":"<p>El pasado s\u00e1bado 29 de mayo la Hermandad de Santa Marta y de la Sagrada Cena organiz\u00f3 el primer acto cofrade en la calle que se ha llevado a cabo en nuestra ciudad despu\u00e9s de m\u00e1s un a\u00f1o de inactividad debida a la pandemia del Covid 19. En concreto se trat\u00f3 de una cita cultural que, enmarcada en el septuag\u00e9simo quinto aniversario fundacional, recorri\u00f3 un itinerario urbano titulado \u201cLas huellas de la Hermandad\u201d con el acompa\u00f1amiento de la Agrupaci\u00f3n Musical de \u201cLa Cena\u201d.<\/p>\n<p>El acto dio comenz\u00f3 a las nueve y media de la noche ante el Palacio Episcopal donde Fernando L\u00f3pez Villa desglos\u00f3 la historia de la Hermandad relacionada con el Obispado. Ante la portada de la Virgen Blanca en la Catedral, Javier Ant\u00f3n Cu\u00f1ado disert\u00f3 sobre la Procesi\u00f3n de la Sagrada Cena. En la portada de la iglesia de Santa Marina la Real, Marta Franco L\u00f3pez aludi\u00f3 al paso de la procesi\u00f3n del Rosario de Pasi\u00f3n y a la Agrupaci\u00f3n \u201cLa Cena\u201d. Ante la Casona de Puerta Castillo, Eduardo \u00c1lvarez Aller dio lectura a un soliloquio de V\u00edctor de los R\u00edos. A continuaci\u00f3n el Presidente de la Hermandad, Manuel Antonio Couso Sobrado descubri\u00f3 la placa en recuerdo del imaginero V\u00edctor de los R\u00edos Campos. En la antigua iglesia de los Descalzos, Emilio Blanco D\u00edez, descubri\u00f3 los entresijos del montaje y desmontaje del paso de la Sagrada Cena que en los a\u00f1os cincuenta se guardaba en este templo. En el atrio de la Bas\u00edlica de San Isidoro, M\u00e1ximo Cay\u00f3n Di\u00e9guez, desgran\u00f3 aspectos eucar\u00edsticos de la Hermandad. En la calle Ancha, ante la Capilla del Cristo de la Victoria, Jos\u00e9 Luis G\u00f3mez Barthe y \u00c1lvarez, aport\u00f3 una semblanza del fundador de la Hermandad, M\u00e1ximo G\u00f3mez Barthe. Seguidamente el Presidente de la Hermandad descubri\u00f3 la placa instalada en la casa n\u00ba 25. El recorrido concluy\u00f3 ante la iglesia de San Marcelo donde Javier Gavilanes Arias aport\u00f3 unos apuntes sobre el templo del Patr\u00f3n de la Ciudad donde est\u00e1 radicada la Hermandad de Santa Marta desde su fundaci\u00f3n en 1945.<\/p>\n<p>Al d\u00eda siguiente, 30 de mayo, la Hermandad organiz\u00f3 una jornada eucar\u00edstica en la Bas\u00edlica de San Isidoro que incluy\u00f3 una solemne Misa en rito hispano moz\u00e1rabe presidida por el Abad de la Real Colegiata, D. Francisco Rodr\u00edguez Llamazares, seguida de una Adoraci\u00f3n Eucar\u00edstica en el altar mayor.<\/p>\n","protected":false},"excerpt":{"rendered":"<p>El pasado s\u00e1bado 29 de mayo la Hermandad de Santa Marta y de la Sagrada Cena organiz\u00f3 el primer acto cofrade en la calle que se ha llevado a cabo en nuestra ciudad despu\u00e9s de m\u00e1s un a\u00f1o de inactividad debida a la pandemia del Covid 19. En concreto se trat\u00f3 de una cita cultural [&hellip;]<\/p>\n","protected":false},"author":1,"featured_media":0,"comment_status":"open","ping_status":"open","sticky":false,"template":"","format":"standard","meta":{"footnotes":""},"categories":[28],"tags":[],"class_list":["post-4643","post","type-post","status-publish","format-standard","hentry","category-historico"],"_links":{"self":[{"href":"https:\/\/pruebas.cursopracticoseo.com\/wordpress_o\/wp-json\/wp\/v2\/posts\/4643","targetHints":{"allow":["GET"]}}],"collection":[{"href":"https:\/\/pruebas.cursopracticoseo.com\/wordpress_o\/wp-json\/wp\/v2\/posts"}],"about":[{"href":"https:\/\/pruebas.cursopracticoseo.com\/wordpress_o\/wp-json\/wp\/v2\/types\/post"}],"author":[{"embeddable":true,"href":"https:\/\/pruebas.cursopracticoseo.com\/wordpress_o\/wp-json\/wp\/v2\/users\/1"}],"replies":[{"embeddable":true,"href":"https:\/\/pruebas.cursopracticoseo.com\/wordpress_o\/wp-json\/wp\/v2\/comments?post=4643"}],"version-history":[{"count":0,"href":"https:\/\/pruebas.cursopracticoseo.com\/wordpress_o\/wp-json\/wp\/v2\/posts\/4643\/revisions"}],"wp:attachment":[{"href":"https:\/\/pruebas.cursopracticoseo.com\/wordpress_o\/wp-json\/wp\/v2\/media?parent=4643"}],"wp:term":[{"taxonomy":"category","embeddable":true,"href":"https:\/\/pruebas.cursopracticoseo.com\/wordpress_o\/wp-json\/wp\/v2\/categories?post=4643"},{"taxonomy":"post_tag","embeddable":true,"href":"https:\/\/pruebas.cursopracticoseo.com\/wordpress_o\/wp-json\/wp\/v2\/tags?post=4643"}],"curies":[{"name":"wp","href":"https:\/\/api.w.org\/{rel}","templated":true}]}}