{"id":4641,"date":"2021-06-23T00:00:00","date_gmt":"2021-06-23T00:00:00","guid":{"rendered":"https:\/\/pruebas.cursopracticoseo.com\/wordpress_o\/fallado-el-concurso-de-fotografia-miradas-de-pasion\/"},"modified":"2021-06-23T00:00:00","modified_gmt":"2021-06-23T00:00:00","slug":"fallado-el-concurso-de-fotografia-miradas-de-pasion","status":"publish","type":"post","link":"https:\/\/pruebas.cursopracticoseo.com\/wordpress_o\/fallado-el-concurso-de-fotografia-miradas-de-pasion\/","title":{"rendered":"FALLADO EL CONCURSO DE FOTOGRAF\u00cdA \u201cMIRADAS DE PASI\u00d3N\u201d"},"content":{"rendered":"<p>En la tarde de ayer, d\u00eda 22 de junio, el jurado del concurso fotogr\u00e1fico \u201cMiradas de Pasi\u00f3n\u201d ha fallado los galardones del mismo, siendo los premiados los siguientes:<\/p>\n<p>Primer premio, dotado con 250 \u20ac y placa conmemorativa, patrocinado por el Colegio Oficial de Peritos e Ingenieros T\u00e9cnicos Industriales. Obra titulada \u201cTres Miradas\u201d. Autor, Daniel Agust\u00edn Bert\u00f3lez V\u00e1zquez.<\/p>\n<p>Segundo premio, dotado con 150 \u20ac y una placa conmemorativa, patrocinado por Proconsi. Obra titulada \u201cAmarguras\u201d. Autor, Adri\u00e1n de la Torre Lera.<\/p>\n<p>Tercer premio, dotado con 100 \u20ac y una placa conmemorativa, patrocinado por Innovanet. Obra titulada \u201cMater Dolorosa\u201d. Autor, Andr\u00e9s Albizu Fern\u00e1ndez.<br \/>\nPrimer premio del jurado popular, dotado con 150 \u20ac y una placa conmemorativa, patrocinado por la Cofrad\u00eda del Dulce Nombre de Jes\u00fas Nazareno. Obra titulada \u201cMirada\u201d. Autor. Miguel Su\u00e1rez Seijas.<\/p>\n<p>Segundo premio del jurado popular, dotado con 100 \u20ac y una placa conmemorativa, patrocinado por la Cofrad\u00eda del Dulce Nombre de Jes\u00fas Nazareno. Obra titulada \u201cCalvario en Santa Nonia\u201d. Autor. Elena Salas Fern\u00e1ndez.<\/p>\n<p>La entrega de premios se realizar\u00e1 el 24 de junio a las 13.00 horas en la sala de exposiciones del Museo Casa Botines. A la misma podr\u00e1n acudir todos los interesados, respetando en todo momento las medidas sanitarias y de seguridad y los aforos establecidos por el Museo.<\/p>\n<p>La exposici\u00f3n permanecer\u00e1 abierta al p\u00fablico y podr\u00e1 visitarse hasta el pr\u00f3ximo 30 de junio.<\/p>\n","protected":false},"excerpt":{"rendered":"<p>En la tarde de ayer, d\u00eda 22 de junio, el jurado del concurso fotogr\u00e1fico \u201cMiradas de Pasi\u00f3n\u201d ha fallado los galardones del mismo, siendo los premiados los siguientes: Primer premio, dotado con 250 \u20ac y placa conmemorativa, patrocinado por el Colegio Oficial de Peritos e Ingenieros T\u00e9cnicos Industriales. Obra titulada \u201cTres Miradas\u201d. Autor, Daniel Agust\u00edn [&hellip;]<\/p>\n","protected":false},"author":1,"featured_media":0,"comment_status":"open","ping_status":"open","sticky":false,"template":"","format":"standard","meta":{"footnotes":""},"categories":[28],"tags":[],"class_list":["post-4641","post","type-post","status-publish","format-standard","hentry","category-historico"],"_links":{"self":[{"href":"https:\/\/pruebas.cursopracticoseo.com\/wordpress_o\/wp-json\/wp\/v2\/posts\/4641","targetHints":{"allow":["GET"]}}],"collection":[{"href":"https:\/\/pruebas.cursopracticoseo.com\/wordpress_o\/wp-json\/wp\/v2\/posts"}],"about":[{"href":"https:\/\/pruebas.cursopracticoseo.com\/wordpress_o\/wp-json\/wp\/v2\/types\/post"}],"author":[{"embeddable":true,"href":"https:\/\/pruebas.cursopracticoseo.com\/wordpress_o\/wp-json\/wp\/v2\/users\/1"}],"replies":[{"embeddable":true,"href":"https:\/\/pruebas.cursopracticoseo.com\/wordpress_o\/wp-json\/wp\/v2\/comments?post=4641"}],"version-history":[{"count":0,"href":"https:\/\/pruebas.cursopracticoseo.com\/wordpress_o\/wp-json\/wp\/v2\/posts\/4641\/revisions"}],"wp:attachment":[{"href":"https:\/\/pruebas.cursopracticoseo.com\/wordpress_o\/wp-json\/wp\/v2\/media?parent=4641"}],"wp:term":[{"taxonomy":"category","embeddable":true,"href":"https:\/\/pruebas.cursopracticoseo.com\/wordpress_o\/wp-json\/wp\/v2\/categories?post=4641"},{"taxonomy":"post_tag","embeddable":true,"href":"https:\/\/pruebas.cursopracticoseo.com\/wordpress_o\/wp-json\/wp\/v2\/tags?post=4641"}],"curies":[{"name":"wp","href":"https:\/\/api.w.org\/{rel}","templated":true}]}}