{"id":4639,"date":"2020-09-23T00:00:00","date_gmt":"2020-09-23T00:00:00","guid":{"rendered":"https:\/\/pruebas.cursopracticoseo.com\/wordpress_o\/la-hermandad-de-santa-marta-celebro-la-fiesta-de-su-patrona\/"},"modified":"2026-03-04T13:47:54","modified_gmt":"2026-03-04T13:47:54","slug":"la-hermandad-de-santa-marta-celebro-la-fiesta-de-su-patrona","status":"publish","type":"post","link":"https:\/\/pruebas.cursopracticoseo.com\/wordpress_o\/la-hermandad-de-santa-marta-celebro-la-fiesta-de-su-patrona\/","title":{"rendered":"LA HERMANDAD DE SANTA MARTA CELEBR\u00d3 LA FIESTA DE SU PATRONA"},"content":{"rendered":"<p>\u201cLa Hermandad entrega 1.000 \u20ac a la Asociaci\u00f3n Leonesa de Caridad\u201d<\/p>\n<p>El pasado d\u00eda 29 de julio, fiesta de Santa Marta, una representaci\u00f3n de la Hermandad de Santa Marta y de la Sagrada Cena acudi\u00f3 a la Casa de los Cabero, sita en la Plaza de Puerta Obispo, para entregar a la Asociaci\u00f3n Leonesa de Caridad los alimentos recogidos d\u00edas antes en la Bolsa de Caridad organizada por esta Hermandad en cumplimiento a la acci\u00f3n social que establecen los Estatutos.<\/p>\n<p>En esta ocasi\u00f3n la Hermandad, considerando la dif\u00edcil situaci\u00f3n que est\u00e1n atravesando tantas personas en la actualidad, ha realizado el esfuerzo de entregar un donativo de 1.000 \u20ac que pueda servir de ayuda a la labor caritativa que esta centenaria instituci\u00f3n realiza a diario en nuestra ciudad desde 1906.<\/p>\n<p>Durante los d\u00edas 27, 28 y 29 de julio la Hermandad celebr\u00f3 un solemne triduo en honor a su patrona, Santa Marta (V\u00edctor de los R\u00edos, 1947), en la iglesia parroquial de San Marcelo. Los cultos fueron oficiados por el Rvdo. Sr. D. Jorge de Juan Fern\u00e1ndez, Delegado Episcopal de Pastoral de Juventud y Universitaria.<\/p>\n","protected":false},"excerpt":{"rendered":"<p>\u201cLa Hermandad entrega 1.000 \u20ac a la Asociaci\u00f3n Leonesa de Caridad\u201d El pasado d\u00eda 29 de julio, fiesta de Santa Marta, una representaci\u00f3n de la Hermandad de Santa Marta y de la Sagrada Cena acudi\u00f3 a la Casa de los Cabero, sita en la Plaza de Puerta Obispo, para entregar a la Asociaci\u00f3n Leonesa de [&hellip;]<\/p>\n","protected":false},"author":1,"featured_media":0,"comment_status":"open","ping_status":"open","sticky":false,"template":"","format":"standard","meta":{"footnotes":""},"categories":[28],"tags":[],"class_list":["post-4639","post","type-post","status-publish","format-standard","hentry","category-historico"],"_links":{"self":[{"href":"https:\/\/pruebas.cursopracticoseo.com\/wordpress_o\/wp-json\/wp\/v2\/posts\/4639","targetHints":{"allow":["GET"]}}],"collection":[{"href":"https:\/\/pruebas.cursopracticoseo.com\/wordpress_o\/wp-json\/wp\/v2\/posts"}],"about":[{"href":"https:\/\/pruebas.cursopracticoseo.com\/wordpress_o\/wp-json\/wp\/v2\/types\/post"}],"author":[{"embeddable":true,"href":"https:\/\/pruebas.cursopracticoseo.com\/wordpress_o\/wp-json\/wp\/v2\/users\/1"}],"replies":[{"embeddable":true,"href":"https:\/\/pruebas.cursopracticoseo.com\/wordpress_o\/wp-json\/wp\/v2\/comments?post=4639"}],"version-history":[{"count":1,"href":"https:\/\/pruebas.cursopracticoseo.com\/wordpress_o\/wp-json\/wp\/v2\/posts\/4639\/revisions"}],"predecessor-version":[{"id":4695,"href":"https:\/\/pruebas.cursopracticoseo.com\/wordpress_o\/wp-json\/wp\/v2\/posts\/4639\/revisions\/4695"}],"wp:attachment":[{"href":"https:\/\/pruebas.cursopracticoseo.com\/wordpress_o\/wp-json\/wp\/v2\/media?parent=4639"}],"wp:term":[{"taxonomy":"category","embeddable":true,"href":"https:\/\/pruebas.cursopracticoseo.com\/wordpress_o\/wp-json\/wp\/v2\/categories?post=4639"},{"taxonomy":"post_tag","embeddable":true,"href":"https:\/\/pruebas.cursopracticoseo.com\/wordpress_o\/wp-json\/wp\/v2\/tags?post=4639"}],"curies":[{"name":"wp","href":"https:\/\/api.w.org\/{rel}","templated":true}]}}