{"id":4638,"date":"2021-09-07T00:00:00","date_gmt":"2021-09-07T00:00:00","guid":{"rendered":"https:\/\/pruebas.cursopracticoseo.com\/wordpress_o\/leon-recibe-el-jueves-la-cruz-de-los-jovenes-en-su-peregrinacion-por-las-diocesis-de-toda-espana-con-la-mirada-puesta-en-la-jmj-de-lisboa-2023\/"},"modified":"2021-09-07T00:00:00","modified_gmt":"2021-09-07T00:00:00","slug":"leon-recibe-el-jueves-la-cruz-de-los-jovenes-en-su-peregrinacion-por-las-diocesis-de-toda-espana-con-la-mirada-puesta-en-la-jmj-de-lisboa-2023","status":"publish","type":"post","link":"https:\/\/pruebas.cursopracticoseo.com\/wordpress_o\/leon-recibe-el-jueves-la-cruz-de-los-jovenes-en-su-peregrinacion-por-las-diocesis-de-toda-espana-con-la-mirada-puesta-en-la-jmj-de-lisboa-2023\/","title":{"rendered":"LE\u00d3N RECIBE EL JUEVES LA CRUZ DE LOS J\u00d3VENES EN SU PEREGRINACI\u00d3N POR LAS DI\u00d3CESIS DE TODA ESPA\u00d1A CON LA MIRADA PUESTA EN LA JMJ DE LISBOA 2023"},"content":{"rendered":"<p>Ser\u00e1 acogida en el Monasterio de Santa Mar\u00eda de Carbajal y tras un V\u00eda Crucis vespertino en el Museo de Semana Santa, a las 21:30 h. en la Real Colegiata de San Isidoro centrar\u00e1 una gran vigilia de oraci\u00f3n con los j\u00f3venes.<\/p>\n<p>La Cruz de los J\u00f3venes y el icono de Nuestra Se\u00f1ora Salus Populi Romani, s\u00edmbolos de las Jornadas Mundiales de la Juventud (JMJ) ser\u00e1n acogidos este pr\u00f3ximo jueves d\u00eda 9 en la Di\u00f3cesis de Le\u00f3n, dentro de la peregrinaci\u00f3n que comenzaba este pasado domingo en la frontera con Portugal, en la Di\u00f3cesis de Ciudad Rodrigo, y que hasta el pr\u00f3ximo mes de octubre recorrer\u00e1 todas las di\u00f3cesis espa\u00f1olas con el objetivo de animar a los j\u00f3venes a prepararse y participar en la pr\u00f3xima Jornada Mundial de la Juventud de 2023 en Lisboa.<\/p>\n<p>ENCUENTROS DE ORACI\u00d3N Y VIGILIA CON J\u00d3VENES<\/p>\n<p>La Cruz de los J\u00f3venes llegar\u00e1 a Le\u00f3n procedente de La Ba\u00f1eza, tras haber sido acogida en la Di\u00f3cesis de Astorga, y ser\u00e1 trasladada a las 12 horas al Monasterio de Santa Mar\u00eda de Carbajal, donde se desarrollar\u00e1 un encuentro de oraci\u00f3n con todo el \u00e1mbito de la Vida Consagrada. Para la tarde se ha organizado un V\u00eda Crucis con las cofrad\u00edas y hermandades en el que tendr\u00e1n una destacada participaci\u00f3n el grupo de \u201cJ\u00f3venes Papones\u201d de la Junta Mayor de Semana Santa a las 19:30 horas en el Museo Diocesano y de la Semana Santa. El acto central de esta presencia de la peregrinaci\u00f3n de la Cruz de los J\u00f3venes en la Di\u00f3cesis de Le\u00f3n ser\u00e1 una gran vigilia de oraci\u00f3n con los j\u00f3venes que se desarrollar\u00e1 a las 21:30 horas en la Real Colegiata de San Isidoro, para concluir con un turno de vela a las 23 horas en el Convento de Santa Cruz de las HH. Franciscanas Clarisas Descalzas. Ya para el viernes d\u00eda 10 por la ma\u00f1ana est\u00e1 prevista la continuaci\u00f3n de esta peregrinaci\u00f3n hasta la villa de Sahag\u00fan, donde la Cruz de los J\u00f3venes ser\u00e1 entregada a la Di\u00f3cesis de Palencia para proseguir ese recorrido que se iniciaba en la parroquia de Fuentes de O\u00f1oro, de la Di\u00f3cesis de Ciudad Rodrigo, en la misma frontera con Portugal este pasado domingo y que tras alcanzar todas las di\u00f3cesis espa\u00f1olas concluir\u00e1 el pr\u00f3ximo d\u00eda 29 de octubre en la localidad de Ayamonte, en la Di\u00f3cesis de Huelva, para retornar desde all\u00ed a tierras portuguesas.<\/p>\n<p>SEGUNDA PEREGRINACI\u00d3N DE LA CRUZ DE LOS J\u00d3VENES<\/p>\n<p>\u00c9sta peregrinaci\u00f3n que trae la Cruz de los J\u00f3venes a la Di\u00f3cesis el pr\u00f3ximo d\u00eda 9 ser\u00e1 la segunda ocasi\u00f3n en la que este s\u00edmbolo de la JMJ llega a Le\u00f3n, algo que ya ocurriera hace once a\u00f1os, concretamente del 6 al 10 de noviembre de 2010, como preparaci\u00f3n de la Jornada Mundial de la Juventud-JMJ 2011 celebrada en Madrid. En aquella ocasi\u00f3n, a lo largo de cuatro d\u00edas la Cruz de los J\u00f3venes y el icono de Nuestra Se\u00f1ora Salus Populi Romani peregrinaron por distintos espacios diocesanos desde la acogida en la villa de Sahag\u00fan, con actividades y celebraciones que se fueron sucediendo por Cistierna, el centro penitenciario de Villahierro y Mansilla de las Mulas, la Catedral, el Hospital de San Juan de Dios, distintos monasterios y en las bas\u00edlicas de San Isidoro y de La Virgen del Camino hasta la despedida en la parroquia de Valencia de Don Juan para su entrega a la Di\u00f3cesis de Zamora en la localidad de Benavente. Al concluir aquella peregrinaci\u00f3n de 2010 el entonces obispo de Le\u00f3n, Don Juli\u00e1n L\u00f3pez, manifest\u00f3 su \u201c\u00edntima satisfacci\u00f3n por entregar la Cruz de los J\u00f3venes y el icono de Nuestra Se\u00f1ora Salus Populi Romani al sucesor de San Atilano, actualmente Don Gregorio, y en \u00e9l a mi Di\u00f3cesis de origen\u201d con \u201ceste relevo en la esperanza y en el deseo de que el paso de la Cruz por estas tierras sea fuente de vida y esperanza\u201d, mientras que desde la Delegaci\u00f3n de Pastoral Juvenil se pon\u00eda \u201cuna nota muy alta a todo lo vivido estos d\u00edas, por la ilusi\u00f3n en el trabajo de preparaci\u00f3n, por el desarrollo de todos los actos, y por la participaci\u00f3n y la alegr\u00eda que todo esto ha transmitido estos d\u00edas en Le\u00f3n con la mirada puesta en esa pr\u00f3xima JMJ de Madrid 2011\u201d.<\/p>\n<p>** Participaci\u00f3n en los actos libre hasta completar aforo.<\/p>\n","protected":false},"excerpt":{"rendered":"<p>Ser\u00e1 acogida en el Monasterio de Santa Mar\u00eda de Carbajal y tras un V\u00eda Crucis vespertino en el Museo de Semana Santa, a las 21:30 h. en la Real Colegiata de San Isidoro centrar\u00e1 una gran vigilia de oraci\u00f3n con los j\u00f3venes. La Cruz de los J\u00f3venes y el icono de Nuestra Se\u00f1ora Salus Populi [&hellip;]<\/p>\n","protected":false},"author":1,"featured_media":0,"comment_status":"open","ping_status":"open","sticky":false,"template":"","format":"standard","meta":{"footnotes":""},"categories":[28],"tags":[],"class_list":["post-4638","post","type-post","status-publish","format-standard","hentry","category-historico"],"_links":{"self":[{"href":"https:\/\/pruebas.cursopracticoseo.com\/wordpress_o\/wp-json\/wp\/v2\/posts\/4638","targetHints":{"allow":["GET"]}}],"collection":[{"href":"https:\/\/pruebas.cursopracticoseo.com\/wordpress_o\/wp-json\/wp\/v2\/posts"}],"about":[{"href":"https:\/\/pruebas.cursopracticoseo.com\/wordpress_o\/wp-json\/wp\/v2\/types\/post"}],"author":[{"embeddable":true,"href":"https:\/\/pruebas.cursopracticoseo.com\/wordpress_o\/wp-json\/wp\/v2\/users\/1"}],"replies":[{"embeddable":true,"href":"https:\/\/pruebas.cursopracticoseo.com\/wordpress_o\/wp-json\/wp\/v2\/comments?post=4638"}],"version-history":[{"count":0,"href":"https:\/\/pruebas.cursopracticoseo.com\/wordpress_o\/wp-json\/wp\/v2\/posts\/4638\/revisions"}],"wp:attachment":[{"href":"https:\/\/pruebas.cursopracticoseo.com\/wordpress_o\/wp-json\/wp\/v2\/media?parent=4638"}],"wp:term":[{"taxonomy":"category","embeddable":true,"href":"https:\/\/pruebas.cursopracticoseo.com\/wordpress_o\/wp-json\/wp\/v2\/categories?post=4638"},{"taxonomy":"post_tag","embeddable":true,"href":"https:\/\/pruebas.cursopracticoseo.com\/wordpress_o\/wp-json\/wp\/v2\/tags?post=4638"}],"curies":[{"name":"wp","href":"https:\/\/api.w.org\/{rel}","templated":true}]}}