{"id":4637,"date":"2021-09-08T00:00:00","date_gmt":"2021-09-08T00:00:00","guid":{"rendered":"https:\/\/pruebas.cursopracticoseo.com\/wordpress_o\/conmemoracion-de-la-festividad-de-la-exaltacion-de-la-cruz\/"},"modified":"2021-09-08T00:00:00","modified_gmt":"2021-09-08T00:00:00","slug":"conmemoracion-de-la-festividad-de-la-exaltacion-de-la-cruz","status":"publish","type":"post","link":"https:\/\/pruebas.cursopracticoseo.com\/wordpress_o\/conmemoracion-de-la-festividad-de-la-exaltacion-de-la-cruz\/","title":{"rendered":"CONMEMORACION DE LA FESTIVIDAD DE LA EXALTACION DE LA CRUZ"},"content":{"rendered":"<p>Con motivo de la Exaltaci\u00f3n de la Cruz, Festividad de la Cofrad\u00eda de las Siete Palabras, esta celebrar\u00e1 la tradicional y solemne Eucarist\u00eda en su sede can\u00f3nica, la iglesia de San Marcelo, el pr\u00f3ximo martes 14 de septiembre a las 19.30 horas.<\/p>\n<p>A su finalizaci\u00f3n se realizar\u00e1n diversos homenajes y reconocimientos a Hermanos y personas que han colaborado y colaboran activamente con nuestra Penitencial.<\/p>\n<p>Se informa que en todos los actos organizados por nuestra Penitencial se preservar\u00e1n cuidadosamente todas las normas y recomendaciones sanitarias establecidas, as\u00ed como el l\u00edmite del aforo autorizado, a fin de garantizar la m\u00e1xima seguridad de los asistentes.<\/p>\n","protected":false},"excerpt":{"rendered":"<p>Con motivo de la Exaltaci\u00f3n de la Cruz, Festividad de la Cofrad\u00eda de las Siete Palabras, esta celebrar\u00e1 la tradicional y solemne Eucarist\u00eda en su sede can\u00f3nica, la iglesia de San Marcelo, el pr\u00f3ximo martes 14 de septiembre a las 19.30 horas. A su finalizaci\u00f3n se realizar\u00e1n diversos homenajes y reconocimientos a Hermanos y personas [&hellip;]<\/p>\n","protected":false},"author":1,"featured_media":0,"comment_status":"open","ping_status":"open","sticky":false,"template":"","format":"standard","meta":{"footnotes":""},"categories":[28],"tags":[],"class_list":["post-4637","post","type-post","status-publish","format-standard","hentry","category-historico"],"_links":{"self":[{"href":"https:\/\/pruebas.cursopracticoseo.com\/wordpress_o\/wp-json\/wp\/v2\/posts\/4637","targetHints":{"allow":["GET"]}}],"collection":[{"href":"https:\/\/pruebas.cursopracticoseo.com\/wordpress_o\/wp-json\/wp\/v2\/posts"}],"about":[{"href":"https:\/\/pruebas.cursopracticoseo.com\/wordpress_o\/wp-json\/wp\/v2\/types\/post"}],"author":[{"embeddable":true,"href":"https:\/\/pruebas.cursopracticoseo.com\/wordpress_o\/wp-json\/wp\/v2\/users\/1"}],"replies":[{"embeddable":true,"href":"https:\/\/pruebas.cursopracticoseo.com\/wordpress_o\/wp-json\/wp\/v2\/comments?post=4637"}],"version-history":[{"count":0,"href":"https:\/\/pruebas.cursopracticoseo.com\/wordpress_o\/wp-json\/wp\/v2\/posts\/4637\/revisions"}],"wp:attachment":[{"href":"https:\/\/pruebas.cursopracticoseo.com\/wordpress_o\/wp-json\/wp\/v2\/media?parent=4637"}],"wp:term":[{"taxonomy":"category","embeddable":true,"href":"https:\/\/pruebas.cursopracticoseo.com\/wordpress_o\/wp-json\/wp\/v2\/categories?post=4637"},{"taxonomy":"post_tag","embeddable":true,"href":"https:\/\/pruebas.cursopracticoseo.com\/wordpress_o\/wp-json\/wp\/v2\/tags?post=4637"}],"curies":[{"name":"wp","href":"https:\/\/api.w.org\/{rel}","templated":true}]}}