{"id":4634,"date":"2021-09-17T00:00:00","date_gmt":"2021-09-17T00:00:00","guid":{"rendered":"https:\/\/pruebas.cursopracticoseo.com\/wordpress_o\/la-capilla-de-santa-nonia-reabre-sus-puertas-tras-una-profunda-restauracion\/"},"modified":"2021-09-17T00:00:00","modified_gmt":"2021-09-17T00:00:00","slug":"la-capilla-de-santa-nonia-reabre-sus-puertas-tras-una-profunda-restauracion","status":"publish","type":"post","link":"https:\/\/pruebas.cursopracticoseo.com\/wordpress_o\/la-capilla-de-santa-nonia-reabre-sus-puertas-tras-una-profunda-restauracion\/","title":{"rendered":"LA CAPILLA DE SANTA NONIA REABRE SUS PUERTAS TRAS UNA PROFUNDA RESTAURACI\u00d3N"},"content":{"rendered":"<p>Tres meses han pasado desde el inicio de las reformas realizadas en la capilla de Santa Nonia. En este tiempo, se ha dado soluci\u00f3n no solo a cuestiones est\u00e9ticas, sino tambi\u00e9n a importantes problemas estructurales provocados por las humedades y el deterioro de los materiales, en muchos casos, como ocurre con las vigas de madera y el tapial de los muros, pertenecientes a la construcci\u00f3n original de comienzos del siglo XIX (A\u00f1o 1814). De no haberse producido estas remodelaciones, la integridad del edificio, principalmente de sus cubiertas, hubiese estado en entredicho, pudiendo haber ocasionado no solo una importante p\u00e9rdida patrimonial, sino un riesgo sustancial para los feligreses y visitantes que habitualmente frecuentan la capilla.<\/p>\n<p>Aprovechando las obras de renovaci\u00f3n del tejado, se ha procedido a revisar el cableado y sustituir la iluminaci\u00f3n de la capilla, incorporando un sistema moderno y sostenible, que permite un importante ahorro de energ\u00eda. El sistema el\u00e9ctrico de calefacci\u00f3n utilizado hasta la fecha, que generaba un gasto desmesurado y que no consegu\u00eda proporcionar una temperatura confortable a la Capilla, tambi\u00e9n se ha visto sustituido.<\/p>\n<p>La iluminaci\u00f3n, desarrollada por la multinacional SIMON, no solo permitir\u00e1 dicho ahorro de energ\u00eda, sino tambi\u00e9n la enfatizaci\u00f3n de los elementos arquitect\u00f3nicos y aportar\u00e1 una importante flexibilidad en la configuraci\u00f3n de la iluminaci\u00f3n, permitiendo incorporar luces c\u00e1lidas, fr\u00edas, graduar su intensidad y todo ello en remoto, disponiendo de alarmas de luces encendidas, favoreciendo la programaci\u00f3n por tramos horarios. Gracias a esta nueva iluminaci\u00f3n, la c\u00fapula de la capilla se ha visto realzada, con un sistema de iluminaci\u00f3n biodin\u00e1mica, que adapta la temperatura de color al ciclo natural de la luz solar del exterior.<\/p>\n<p>Adem\u00e1s, se podr\u00e1 disfrutar de la recuperaci\u00f3n del coro y de la vistosidad crom\u00e1tica de las vidrieras, que hasta ahora pasaban casi desapercibidas para el visitante, gracias a la instalaci\u00f3nde iluminaci\u00f3n interior y exterior. En definitiva, una iluminaci\u00f3n interior realizada mediante proyectores de superficie colocados en carriles trif\u00e1sicos y tira de led para las b\u00f3vedas y c\u00fapula, que crea un espacio arm\u00f3nico de recogimiento.<\/p>\n<p>La calefacci\u00f3n el\u00e9ctrica de la capilla ha sido sustituida por una calefacci\u00f3n de gas natural, que permitir\u00e1 mantener la capilla a 18, 19 o 20 grados de forma constante, reduciendo considerablemente el consumo el\u00e9ctrico.<br \/>\nPor otro lado, se proceder\u00e1 en las pr\u00f3ximas fechas a la sustituci\u00f3n del altar y el amb\u00f3n, siendo ambos elementos fruto de sendas donaciones, que ser\u00e1n entregadas, previsiblemente, en diciembre o enero, pues se encuentran en pleno proceso de talla por un escultor de prestigio.<\/p>\n<p>Hasta ese momento, se dispondr\u00e1 de un altar y amb\u00f3n provisionales. Cuando se reciban estas nuevas piezas en Le\u00f3n, \u00e9stas ser\u00e1n bendecidas y convenientemente presentadas. Este cambio permitir\u00e1 una mayor flexibilidad en la configuraci\u00f3n de los espacios, por ejemplo, durante los preparativos de la Semana Santa, pues admitir\u00e1n su desmontaje de forma sencilla y r\u00e1pida.<\/p>\n<p>Se ha rehabilitado la campana para los repiques de asistencia a la misa, con su badajo correspondiente.<br \/>\nEn relaci\u00f3n a la pintura aplicada, se ha buscado favorecer una mayor sensaci\u00f3n de amplitud y calidez, mediante la incorporaci\u00f3n de tonos tierra y blancos rotos. En lo que se refiere a la fachada, la pintura aplicada realza la presencia de la capilla, encajonada entre dos edificios de viviendas. Adem\u00e1s, los puntos de iluminaci\u00f3n incluidos en las ventanas y la verja, favorecen su contemplaci\u00f3n.<\/p>\n<p>Las empresas que han intervenido en la ejecuci\u00f3n de los trabajos han sido DECOLESA, DIMAR ELECTRICIDAD, RAIDEN CALEFACCI\u00d3N y PINTURA M.A.C.<\/p>\n<p>En definitiva, un conjunto de reformas llevadas a cabo por iniciativa de la cofrad\u00eda de Nuestra Se\u00f1ora de las Angustias y Soledad y de la Cofrad\u00eda del Dulce Nombre de Jes\u00fas Nazareno, que consolidan el patrimonio art\u00edstico de la ciudad y la pervivencia del emplazamiento m\u00e1s emblem\u00e1tico de la Semana Santa leonesa.<\/p>\n","protected":false},"excerpt":{"rendered":"<p>Tres meses han pasado desde el inicio de las reformas realizadas en la capilla de Santa Nonia. En este tiempo, se ha dado soluci\u00f3n no solo a cuestiones est\u00e9ticas, sino tambi\u00e9n a importantes problemas estructurales provocados por las humedades y el deterioro de los materiales, en muchos casos, como ocurre con las vigas de madera [&hellip;]<\/p>\n","protected":false},"author":1,"featured_media":0,"comment_status":"open","ping_status":"open","sticky":false,"template":"","format":"standard","meta":{"footnotes":""},"categories":[28],"tags":[],"class_list":["post-4634","post","type-post","status-publish","format-standard","hentry","category-historico"],"_links":{"self":[{"href":"https:\/\/pruebas.cursopracticoseo.com\/wordpress_o\/wp-json\/wp\/v2\/posts\/4634","targetHints":{"allow":["GET"]}}],"collection":[{"href":"https:\/\/pruebas.cursopracticoseo.com\/wordpress_o\/wp-json\/wp\/v2\/posts"}],"about":[{"href":"https:\/\/pruebas.cursopracticoseo.com\/wordpress_o\/wp-json\/wp\/v2\/types\/post"}],"author":[{"embeddable":true,"href":"https:\/\/pruebas.cursopracticoseo.com\/wordpress_o\/wp-json\/wp\/v2\/users\/1"}],"replies":[{"embeddable":true,"href":"https:\/\/pruebas.cursopracticoseo.com\/wordpress_o\/wp-json\/wp\/v2\/comments?post=4634"}],"version-history":[{"count":0,"href":"https:\/\/pruebas.cursopracticoseo.com\/wordpress_o\/wp-json\/wp\/v2\/posts\/4634\/revisions"}],"wp:attachment":[{"href":"https:\/\/pruebas.cursopracticoseo.com\/wordpress_o\/wp-json\/wp\/v2\/media?parent=4634"}],"wp:term":[{"taxonomy":"category","embeddable":true,"href":"https:\/\/pruebas.cursopracticoseo.com\/wordpress_o\/wp-json\/wp\/v2\/categories?post=4634"},{"taxonomy":"post_tag","embeddable":true,"href":"https:\/\/pruebas.cursopracticoseo.com\/wordpress_o\/wp-json\/wp\/v2\/tags?post=4634"}],"curies":[{"name":"wp","href":"https:\/\/api.w.org\/{rel}","templated":true}]}}