{"id":4631,"date":"2021-09-18T00:00:00","date_gmt":"2021-09-18T00:00:00","guid":{"rendered":"https:\/\/pruebas.cursopracticoseo.com\/wordpress_o\/nuestro-padre-jesus-nazareno-vuelve-a-su-capilla-de-santa-nonia\/"},"modified":"2021-09-18T00:00:00","modified_gmt":"2021-09-18T00:00:00","slug":"nuestro-padre-jesus-nazareno-vuelve-a-su-capilla-de-santa-nonia","status":"publish","type":"post","link":"https:\/\/pruebas.cursopracticoseo.com\/wordpress_o\/nuestro-padre-jesus-nazareno-vuelve-a-su-capilla-de-santa-nonia\/","title":{"rendered":"NUESTRO PADRE JESUS NAZARENO VUELVE A SU CAPILLA DE SANTA NONIA"},"content":{"rendered":"<p>La imagen de Nuestro Padre Jes\u00fas Nazareno, que ha permanecido durante todo el verano en la Iglesia Parroquial de Ntra. Sra. del Mercado con ocasi\u00f3n de las obras de rehabilitaci\u00f3n de la Capilla de Santa Nonia, ha regresado a su casa en la ma\u00f1ana de hoy, s\u00e1bado 18 de septiembre.<\/p>\n<p>Desde las 7.30 horas de la ma\u00f1ana, un reducido grupo de sus braceros ha portado a hombros la imagen del Titular de nuestra Cofrad\u00eda sobre su antiguo trono, saliendo de la Iglesia del Mercado hacia la Calle Herreros, siguiendo por la Plaza de las Concepciones, Calle de San Francisco y Jard\u00edn de San Francisco, para finalmente llegar a las puertas de la Capilla de Santa Nonia alrededor de las 8.10 horas, donde ha recibido el tradicional toque de Ronda.<\/p>\n<p>Nuestro Padre Jes\u00fas Nazareno ha entrado en la Capilla a los sones de la Marcha Real, interpretada por la Banda de Cornetas y Tambores de la Cofrad\u00eda, cerr\u00e1ndose el traslado con el canto del Himno a Nuestro Padre Jes\u00fas Nazareno y con el rezo de una oraci\u00f3n dirigida por el Director Nato de la Cofrad\u00eda, Rvdo. D. Manuel Santos Fl\u00e1ker Labanda.<br \/>\nEn el traslado, que contaba con todos los permisos de las autoridades competentes, se han observado todas las medidas de seguridad vigentes en este momento.<\/p>\n<p>La Cofrad\u00eda quiere agradecer el exquisito comportamiento y respeto que durante este hist\u00f3rico traslado han mostrado todos los hermanos de Jes\u00fas, los fieles y devotos de Nuestro Padre Jes\u00fas Nazareno y todos los leoneses que han querido acompa\u00f1ar a Nuestro Titular.<\/p>\n<p>Durante la ma\u00f1ana de hoy, Nuestro Padre Jes\u00fas Nazareno ha sido repuesto al culto en el Altar Mayor de la Capilla de Santa Nonia, desde donde presidir\u00e1 todos los actos que la Cofrad\u00eda celebra.<\/p>\n","protected":false},"excerpt":{"rendered":"<p>La imagen de Nuestro Padre Jes\u00fas Nazareno, que ha permanecido durante todo el verano en la Iglesia Parroquial de Ntra. Sra. del Mercado con ocasi\u00f3n de las obras de rehabilitaci\u00f3n de la Capilla de Santa Nonia, ha regresado a su casa en la ma\u00f1ana de hoy, s\u00e1bado 18 de septiembre. Desde las 7.30 horas de [&hellip;]<\/p>\n","protected":false},"author":1,"featured_media":0,"comment_status":"open","ping_status":"open","sticky":false,"template":"","format":"standard","meta":{"footnotes":""},"categories":[28],"tags":[],"class_list":["post-4631","post","type-post","status-publish","format-standard","hentry","category-historico"],"_links":{"self":[{"href":"https:\/\/pruebas.cursopracticoseo.com\/wordpress_o\/wp-json\/wp\/v2\/posts\/4631","targetHints":{"allow":["GET"]}}],"collection":[{"href":"https:\/\/pruebas.cursopracticoseo.com\/wordpress_o\/wp-json\/wp\/v2\/posts"}],"about":[{"href":"https:\/\/pruebas.cursopracticoseo.com\/wordpress_o\/wp-json\/wp\/v2\/types\/post"}],"author":[{"embeddable":true,"href":"https:\/\/pruebas.cursopracticoseo.com\/wordpress_o\/wp-json\/wp\/v2\/users\/1"}],"replies":[{"embeddable":true,"href":"https:\/\/pruebas.cursopracticoseo.com\/wordpress_o\/wp-json\/wp\/v2\/comments?post=4631"}],"version-history":[{"count":0,"href":"https:\/\/pruebas.cursopracticoseo.com\/wordpress_o\/wp-json\/wp\/v2\/posts\/4631\/revisions"}],"wp:attachment":[{"href":"https:\/\/pruebas.cursopracticoseo.com\/wordpress_o\/wp-json\/wp\/v2\/media?parent=4631"}],"wp:term":[{"taxonomy":"category","embeddable":true,"href":"https:\/\/pruebas.cursopracticoseo.com\/wordpress_o\/wp-json\/wp\/v2\/categories?post=4631"},{"taxonomy":"post_tag","embeddable":true,"href":"https:\/\/pruebas.cursopracticoseo.com\/wordpress_o\/wp-json\/wp\/v2\/tags?post=4631"}],"curies":[{"name":"wp","href":"https:\/\/api.w.org\/{rel}","templated":true}]}}