{"id":4630,"date":"2021-09-21T00:00:00","date_gmt":"2021-09-21T00:00:00","guid":{"rendered":"https:\/\/pruebas.cursopracticoseo.com\/wordpress_o\/jorge-de-juan-recorre-la-pasion-y-muerte-de-jesus-a-partir-de-los-textos-evangelicos-y-de-hallazgos-arqueologicos\/"},"modified":"2021-09-21T00:00:00","modified_gmt":"2021-09-21T00:00:00","slug":"jorge-de-juan-recorre-la-pasion-y-muerte-de-jesus-a-partir-de-los-textos-evangelicos-y-de-hallazgos-arqueologicos","status":"publish","type":"post","link":"https:\/\/pruebas.cursopracticoseo.com\/wordpress_o\/jorge-de-juan-recorre-la-pasion-y-muerte-de-jesus-a-partir-de-los-textos-evangelicos-y-de-hallazgos-arqueologicos\/","title":{"rendered":"JORGE DE JUAN RECORRE LA PASI\u00d3N Y MUERTE DE JES\u00daS A PARTIR DE LOS TEXTOS EVANG\u00c9LICOS Y DE HALLAZGOS ARQUEOL\u00d3GICOS"},"content":{"rendered":"<p>La Cofrad\u00eda del Santo Cristo de la Bienaventuranza de Le\u00f3n retomaba, el pasado lunes 20 de septiembre, su plan de formaci\u00f3n cofrade \u00abSin perder el paso\u00bb de la mano de Jorge de Juan Fern\u00e1ndez, profesor en la Universidad de Le\u00f3n y en el Centro Superior de Estudios Teol\u00f3gicos de Le\u00f3n, que dirigi\u00f3 la sesi\u00f3n titulada \u00abLa Pasi\u00f3n y Muerte de Jes\u00fas. Del texto al contexto\u00bb.<\/p>\n<p>Partiendo de la \u00daltima Cena, el joven sacerdote recorri\u00f3 en su intervenci\u00f3n los principales momentos entre la Oraci\u00f3n en el Huerto y el Entierro de Cristo, acudiendo para ello tanto a los textos evang\u00e9licos como a los hallazgos arqueol\u00f3gicos y a otras fuentes en una suerte de \u2018viaje\u2019 en el espacio y en el tiempo con el que los asistentes pudieron hacerse una composici\u00f3n de lugar de la Pasi\u00f3n y Muerte de Jes\u00fas.<\/p>\n","protected":false},"excerpt":{"rendered":"<p>La Cofrad\u00eda del Santo Cristo de la Bienaventuranza de Le\u00f3n retomaba, el pasado lunes 20 de septiembre, su plan de formaci\u00f3n cofrade \u00abSin perder el paso\u00bb de la mano de Jorge de Juan Fern\u00e1ndez, profesor en la Universidad de Le\u00f3n y en el Centro Superior de Estudios Teol\u00f3gicos de Le\u00f3n, que dirigi\u00f3 la sesi\u00f3n titulada [&hellip;]<\/p>\n","protected":false},"author":1,"featured_media":0,"comment_status":"open","ping_status":"open","sticky":false,"template":"","format":"standard","meta":{"footnotes":""},"categories":[28],"tags":[],"class_list":["post-4630","post","type-post","status-publish","format-standard","hentry","category-historico"],"_links":{"self":[{"href":"https:\/\/pruebas.cursopracticoseo.com\/wordpress_o\/wp-json\/wp\/v2\/posts\/4630","targetHints":{"allow":["GET"]}}],"collection":[{"href":"https:\/\/pruebas.cursopracticoseo.com\/wordpress_o\/wp-json\/wp\/v2\/posts"}],"about":[{"href":"https:\/\/pruebas.cursopracticoseo.com\/wordpress_o\/wp-json\/wp\/v2\/types\/post"}],"author":[{"embeddable":true,"href":"https:\/\/pruebas.cursopracticoseo.com\/wordpress_o\/wp-json\/wp\/v2\/users\/1"}],"replies":[{"embeddable":true,"href":"https:\/\/pruebas.cursopracticoseo.com\/wordpress_o\/wp-json\/wp\/v2\/comments?post=4630"}],"version-history":[{"count":0,"href":"https:\/\/pruebas.cursopracticoseo.com\/wordpress_o\/wp-json\/wp\/v2\/posts\/4630\/revisions"}],"wp:attachment":[{"href":"https:\/\/pruebas.cursopracticoseo.com\/wordpress_o\/wp-json\/wp\/v2\/media?parent=4630"}],"wp:term":[{"taxonomy":"category","embeddable":true,"href":"https:\/\/pruebas.cursopracticoseo.com\/wordpress_o\/wp-json\/wp\/v2\/categories?post=4630"},{"taxonomy":"post_tag","embeddable":true,"href":"https:\/\/pruebas.cursopracticoseo.com\/wordpress_o\/wp-json\/wp\/v2\/tags?post=4630"}],"curies":[{"name":"wp","href":"https:\/\/api.w.org\/{rel}","templated":true}]}}