{"id":4629,"date":"2021-09-27T00:00:00","date_gmt":"2021-09-27T00:00:00","guid":{"rendered":"https:\/\/pruebas.cursopracticoseo.com\/wordpress_o\/maqueta-del-paso-de-misterio-de-la-primera-palabra-cofradia-de-las-siete-palabras-de-jesus-en-la-cruz\/"},"modified":"2021-09-27T00:00:00","modified_gmt":"2021-09-27T00:00:00","slug":"maqueta-del-paso-de-misterio-de-la-primera-palabra-cofradia-de-las-siete-palabras-de-jesus-en-la-cruz","status":"publish","type":"post","link":"https:\/\/pruebas.cursopracticoseo.com\/wordpress_o\/maqueta-del-paso-de-misterio-de-la-primera-palabra-cofradia-de-las-siete-palabras-de-jesus-en-la-cruz\/","title":{"rendered":"MAQUETA DEL PASO DE MISTERIO DE LA PRIMERA PALABRA &#8211; Cofrad\u00eda de las Siete Palabras de Jes\u00fas en la Cruz"},"content":{"rendered":"<p>En la tarde del s\u00e1bado 25 de septiembre se present\u00f3 la maqueta del paso de Misterio de la Primera Palabra de nuestra Cofrad\u00eda.<\/p>\n<p>Los hermanos e interesados que asistieron a dicho acto, o siguieron el directo por nuestras redes sociales, pudieron disfrutar de la presencia del autor de la obra, Fernando Aguado, el cual estuvo explicando diferentes detalles sobre la talla.<\/p>\n<p>As\u00ed mismo, tuvimos el gusto de escuchar a nuestro querid\u00edsimo Abad Honorario, el Hno. Eduardo de Paz, dando unas pinceladas sobre la historia de nuestra Penitencial.<\/p>\n<p>Tambi\u00e9n participaron el Hno. Diego Chamorro, explicando el dise\u00f1o creado por el mismo para el 60 Aniversario, y el p\u00e1rroco D. Jes\u00fas Miguel Mart\u00edn Ortega.<\/p>\n<p>Al final, se descubri\u00f3 la maqueta de la futura talla que culminar\u00e1 el patrimonio de 7 pasos que era el objetivo mencionado por nuestro Abad Honorario en sus palabras, teniendo una gran acogida por los asistentes.<\/p>\n<p>Todo el acto fue guiado por las intervenciones del Hno. Viceabad, Javier Cuadrado, y el Hno. Abad, Oscar Javier Ampudia.<\/p>\n<p>Todo ello transcurri\u00f3 de forma ordenada, respetando todas y cada una de las medidas sanitarias impuestas, as\u00ed como el aforo controlado.<\/p>\n","protected":false},"excerpt":{"rendered":"<p>En la tarde del s\u00e1bado 25 de septiembre se present\u00f3 la maqueta del paso de Misterio de la Primera Palabra de nuestra Cofrad\u00eda. Los hermanos e interesados que asistieron a dicho acto, o siguieron el directo por nuestras redes sociales, pudieron disfrutar de la presencia del autor de la obra, Fernando Aguado, el cual estuvo [&hellip;]<\/p>\n","protected":false},"author":1,"featured_media":0,"comment_status":"open","ping_status":"open","sticky":false,"template":"","format":"standard","meta":{"footnotes":""},"categories":[28],"tags":[],"class_list":["post-4629","post","type-post","status-publish","format-standard","hentry","category-historico"],"_links":{"self":[{"href":"https:\/\/pruebas.cursopracticoseo.com\/wordpress_o\/wp-json\/wp\/v2\/posts\/4629","targetHints":{"allow":["GET"]}}],"collection":[{"href":"https:\/\/pruebas.cursopracticoseo.com\/wordpress_o\/wp-json\/wp\/v2\/posts"}],"about":[{"href":"https:\/\/pruebas.cursopracticoseo.com\/wordpress_o\/wp-json\/wp\/v2\/types\/post"}],"author":[{"embeddable":true,"href":"https:\/\/pruebas.cursopracticoseo.com\/wordpress_o\/wp-json\/wp\/v2\/users\/1"}],"replies":[{"embeddable":true,"href":"https:\/\/pruebas.cursopracticoseo.com\/wordpress_o\/wp-json\/wp\/v2\/comments?post=4629"}],"version-history":[{"count":0,"href":"https:\/\/pruebas.cursopracticoseo.com\/wordpress_o\/wp-json\/wp\/v2\/posts\/4629\/revisions"}],"wp:attachment":[{"href":"https:\/\/pruebas.cursopracticoseo.com\/wordpress_o\/wp-json\/wp\/v2\/media?parent=4629"}],"wp:term":[{"taxonomy":"category","embeddable":true,"href":"https:\/\/pruebas.cursopracticoseo.com\/wordpress_o\/wp-json\/wp\/v2\/categories?post=4629"},{"taxonomy":"post_tag","embeddable":true,"href":"https:\/\/pruebas.cursopracticoseo.com\/wordpress_o\/wp-json\/wp\/v2\/tags?post=4629"}],"curies":[{"name":"wp","href":"https:\/\/api.w.org\/{rel}","templated":true}]}}