{"id":4628,"date":"2021-10-11T00:00:00","date_gmt":"2021-10-11T00:00:00","guid":{"rendered":"https:\/\/pruebas.cursopracticoseo.com\/wordpress_o\/manuel-flaker-los-retos-cofrades-son-en-parte-los-retos-de-toda-la-iglesia\/"},"modified":"2021-10-11T00:00:00","modified_gmt":"2021-10-11T00:00:00","slug":"manuel-flaker-los-retos-cofrades-son-en-parte-los-retos-de-toda-la-iglesia","status":"publish","type":"post","link":"https:\/\/pruebas.cursopracticoseo.com\/wordpress_o\/manuel-flaker-los-retos-cofrades-son-en-parte-los-retos-de-toda-la-iglesia\/","title":{"rendered":"MANUEL FLAKER: \u00abLOS RETOS COFRADES SON, EN PARTE, LOS RETOS DE TODA LA IGLESIA\u00bb"},"content":{"rendered":"<p>La Cofrad\u00eda del Santo Cristo de la Bienaventuranza de Le\u00f3n continuaba, el pasado jueves, 7 de octubre, con su plan de formaci\u00f3n cofrade \u00abSin perder el paso\u00bb, en esta ocasi\u00f3n con la sesi\u00f3n titulada \u00abRetos cofrades en el siglo XXI\u00bb, que fue dirigida por el consiliario general para la Junta Mayor de Semana Santa de Le\u00f3n, el sacerdote y pap\u00f3n leon\u00e9s Manuel Santos Flaker Labanda.<\/p>\n<p>En su exposici\u00f3n, el consiliario part\u00eda de la base de que \u00ablos retos cofrades son, en parte, los retos de toda la Iglesia\u00bb, aunque haya adem\u00e1s algunos espec\u00edficos; retos que son \u00aboportunidades para madurar\u00bb. Y, a su vez, dejaba claro \u2013haciendo suyas unas palabras del entonces cardenal Joseph Ratzinger\u2013 que \u00abno se puede ser cristiano a solas\u00bb, sino que los cristianos deben situarse en comunidades en camino; y se preguntaba si, tal vez, podr\u00edan ser las cofrad\u00edas esas comunidades en camino.<\/p>\n<p>Entre los retos de toda la Iglesia, Manuel Flaker abord\u00f3, entre otros aspectos, hacer cre\u00edble el evangelio en esta generaci\u00f3n, la antropolog\u00eda cristiana, la familia y el matrimonio, la vida consagrada o los aportes al bien com\u00fan. Y ya entre los retos espec\u00edficos de los cofrades, apunt\u00f3 asumir \u2013sin \u2018demonizar\u2019\u2013 la situaci\u00f3n actual del mundo, no perder la calle, conocer la Iglesia e integrarse plenamente en la vida parroquial y diocesana, la apuesta por una iniciaci\u00f3n cristiana que nos forme en la fe, crear cofrad\u00edas que sean comunidades de vida y de fe, ir a lo esencial de cada cofrad\u00eda para custodiar lo m\u00e1s genuino de la piedad popular, no perder la identidad, la transmisi\u00f3n de los valores cofrades a los hijos y no dejar que las procesiones se queden en un mero espect\u00e1culo cultural.<\/p>\n<p>Finaliz\u00f3 Flaker su intervenci\u00f3n con las palabras que el papa Francisco dirigi\u00f3 a los cofrades reunidos en Murcia en 2017 con motivo del III Congreso Internacional de Cofrad\u00edas y Hermandades: \u00abSean cirineos compasivos que ayuden a llevar la cruz a todos aquellos hermanos nuestros que cargan con el peso injusto de la pobreza, el descarte y la indiferencia\u00bb.<\/p>\n","protected":false},"excerpt":{"rendered":"<p>La Cofrad\u00eda del Santo Cristo de la Bienaventuranza de Le\u00f3n continuaba, el pasado jueves, 7 de octubre, con su plan de formaci\u00f3n cofrade \u00abSin perder el paso\u00bb, en esta ocasi\u00f3n con la sesi\u00f3n titulada \u00abRetos cofrades en el siglo XXI\u00bb, que fue dirigida por el consiliario general para la Junta Mayor de Semana Santa de [&hellip;]<\/p>\n","protected":false},"author":1,"featured_media":0,"comment_status":"open","ping_status":"open","sticky":false,"template":"","format":"standard","meta":{"footnotes":""},"categories":[28],"tags":[],"class_list":["post-4628","post","type-post","status-publish","format-standard","hentry","category-historico"],"_links":{"self":[{"href":"https:\/\/pruebas.cursopracticoseo.com\/wordpress_o\/wp-json\/wp\/v2\/posts\/4628","targetHints":{"allow":["GET"]}}],"collection":[{"href":"https:\/\/pruebas.cursopracticoseo.com\/wordpress_o\/wp-json\/wp\/v2\/posts"}],"about":[{"href":"https:\/\/pruebas.cursopracticoseo.com\/wordpress_o\/wp-json\/wp\/v2\/types\/post"}],"author":[{"embeddable":true,"href":"https:\/\/pruebas.cursopracticoseo.com\/wordpress_o\/wp-json\/wp\/v2\/users\/1"}],"replies":[{"embeddable":true,"href":"https:\/\/pruebas.cursopracticoseo.com\/wordpress_o\/wp-json\/wp\/v2\/comments?post=4628"}],"version-history":[{"count":0,"href":"https:\/\/pruebas.cursopracticoseo.com\/wordpress_o\/wp-json\/wp\/v2\/posts\/4628\/revisions"}],"wp:attachment":[{"href":"https:\/\/pruebas.cursopracticoseo.com\/wordpress_o\/wp-json\/wp\/v2\/media?parent=4628"}],"wp:term":[{"taxonomy":"category","embeddable":true,"href":"https:\/\/pruebas.cursopracticoseo.com\/wordpress_o\/wp-json\/wp\/v2\/categories?post=4628"},{"taxonomy":"post_tag","embeddable":true,"href":"https:\/\/pruebas.cursopracticoseo.com\/wordpress_o\/wp-json\/wp\/v2\/tags?post=4628"}],"curies":[{"name":"wp","href":"https:\/\/api.w.org\/{rel}","templated":true}]}}