{"id":4627,"date":"2021-10-21T00:00:00","date_gmt":"2021-10-21T00:00:00","guid":{"rendered":"https:\/\/pruebas.cursopracticoseo.com\/wordpress_o\/celebracion-de-la-festividad-de-la-parroquia-de-san-marcelo\/"},"modified":"2021-10-21T00:00:00","modified_gmt":"2021-10-21T00:00:00","slug":"celebracion-de-la-festividad-de-la-parroquia-de-san-marcelo","status":"publish","type":"post","link":"https:\/\/pruebas.cursopracticoseo.com\/wordpress_o\/celebracion-de-la-festividad-de-la-parroquia-de-san-marcelo\/","title":{"rendered":"CELEBRACI\u00d3N DE LA FESTIVIDAD DE LA PARROQUIA DE SAN MARCELO"},"content":{"rendered":"<p>La parroquia de San Marcelo, en colaboraci\u00f3n con la Hermandad de Santa Marta y de la Sagrada Cena y la Cofrad\u00eda de las Siete Palabras de Jes\u00fas en la Cruz, celebrar\u00e1n el jueves 28 de octubre, v\u00edspera de la Solemnidad de San Marcelo de T\u00e1nger, un acto en honor al santo cuyos restos reposan en la iglesia a la que da nombre.<\/p>\n<p>Una Solemne Eucarist\u00eda en honor al patr\u00f3n de la parroquia ser\u00e1 el acto principal que ir\u00e1 precedida de una procesi\u00f3n en la que una imagen de San Marcelo recorrer\u00e1, entronizada, las calles aleda\u00f1as al templo hasta pasar por la capilla del Cristo de la Victoria, capilla construida sobre el solar de la casa en la que residi\u00f3 el santo y m\u00e1rtir centuri\u00f3n romano de la Legio VII Gemina Pia Felix, para realizar una ofrenda floral y una oraci\u00f3n.<\/p>\n<p>La procesi\u00f3n saldr\u00e1 a las 20:00 horas del templo y tendr\u00e1 el siguiente recorrido:<br \/>\nIglesia de San Marcelo, Plaza de San Marcelo, rampa de San Marcelo, plaza de San Marcelo, Teatro, R\u00faa, Conde Rebolledo, Rinc\u00f3n Conde Rebolledo, Plaza Conde Luna, El Pozo, calle Conde Luna, Ancha, Capilla del Cristo de La Victoria (ofrenda floral y oraci\u00f3n), Plaza de San Marcelo, Iglesia de San Marcelo.<\/p>\n<p>A continuaci\u00f3n, 21:00 horas, tendr\u00e1 lugar la celebraci\u00f3n de una Solemne Eucarist\u00eda en honor a San Marcelo, patr\u00f3n de la parroquia y que lo es, tambi\u00e9n, de la ciudad de Le\u00f3n.<\/p>\n<p>Los actos estar\u00e1n presididos por el Excelent\u00edsimo y Reverend\u00edsimo Obispo de la Di\u00f3cesis de Le\u00f3n, Monse\u00f1or Luis \u00c1ngel de las Heras Berzal.<\/p>\n","protected":false},"excerpt":{"rendered":"<p>La parroquia de San Marcelo, en colaboraci\u00f3n con la Hermandad de Santa Marta y de la Sagrada Cena y la Cofrad\u00eda de las Siete Palabras de Jes\u00fas en la Cruz, celebrar\u00e1n el jueves 28 de octubre, v\u00edspera de la Solemnidad de San Marcelo de T\u00e1nger, un acto en honor al santo cuyos restos reposan en [&hellip;]<\/p>\n","protected":false},"author":1,"featured_media":0,"comment_status":"open","ping_status":"open","sticky":false,"template":"","format":"standard","meta":{"footnotes":""},"categories":[28],"tags":[],"class_list":["post-4627","post","type-post","status-publish","format-standard","hentry","category-historico"],"_links":{"self":[{"href":"https:\/\/pruebas.cursopracticoseo.com\/wordpress_o\/wp-json\/wp\/v2\/posts\/4627","targetHints":{"allow":["GET"]}}],"collection":[{"href":"https:\/\/pruebas.cursopracticoseo.com\/wordpress_o\/wp-json\/wp\/v2\/posts"}],"about":[{"href":"https:\/\/pruebas.cursopracticoseo.com\/wordpress_o\/wp-json\/wp\/v2\/types\/post"}],"author":[{"embeddable":true,"href":"https:\/\/pruebas.cursopracticoseo.com\/wordpress_o\/wp-json\/wp\/v2\/users\/1"}],"replies":[{"embeddable":true,"href":"https:\/\/pruebas.cursopracticoseo.com\/wordpress_o\/wp-json\/wp\/v2\/comments?post=4627"}],"version-history":[{"count":0,"href":"https:\/\/pruebas.cursopracticoseo.com\/wordpress_o\/wp-json\/wp\/v2\/posts\/4627\/revisions"}],"wp:attachment":[{"href":"https:\/\/pruebas.cursopracticoseo.com\/wordpress_o\/wp-json\/wp\/v2\/media?parent=4627"}],"wp:term":[{"taxonomy":"category","embeddable":true,"href":"https:\/\/pruebas.cursopracticoseo.com\/wordpress_o\/wp-json\/wp\/v2\/categories?post=4627"},{"taxonomy":"post_tag","embeddable":true,"href":"https:\/\/pruebas.cursopracticoseo.com\/wordpress_o\/wp-json\/wp\/v2\/tags?post=4627"}],"curies":[{"name":"wp","href":"https:\/\/api.w.org\/{rel}","templated":true}]}}