{"id":4624,"date":"2021-10-28T00:00:00","date_gmt":"2021-10-28T00:00:00","guid":{"rendered":"https:\/\/pruebas.cursopracticoseo.com\/wordpress_o\/rafael-gil-clausura-el-plan-de-formacion-cofrade-sin-perder-el-paso-2019-2021-de-la-bienaventuranza\/"},"modified":"2021-10-28T00:00:00","modified_gmt":"2021-10-28T00:00:00","slug":"rafael-gil-clausura-el-plan-de-formacion-cofrade-sin-perder-el-paso-2019-2021-de-la-bienaventuranza","status":"publish","type":"post","link":"https:\/\/pruebas.cursopracticoseo.com\/wordpress_o\/rafael-gil-clausura-el-plan-de-formacion-cofrade-sin-perder-el-paso-2019-2021-de-la-bienaventuranza\/","title":{"rendered":"RAFAEL GIL CLAUSURA EL PLAN DE FORMACI\u00d3N COFRADE \u00abSIN PERDER EL PASO\u00bb 2019\/2021 DE LA BIENAVENTURANZA"},"content":{"rendered":"<p>La Cofrad\u00eda del Santo Cristo de la Bienaventuranza de Le\u00f3n clausuraba el pasado lunes, 25 de octubre, su tercer plan de formaci\u00f3n cofrade \u00abSin perder el paso\u00bb, iniciado en noviembre de 2019 y que se ha dilatado en el tiempo debido a la covid-19.<\/p>\n<p>Esta \u00faltima sesi\u00f3n, titulada \u00abLa Bienaventuranza: el gran proyecto de don Carmelo en San Claudio\u00bb, fue dirigida por Rafael Gil Gonz\u00e1lez, hermano de la penitencial desde su origen y, actualmente, seise de la misma.<\/p>\n<p>En su exposici\u00f3n, y desde la \u00f3ptica de un joven diecisiete a\u00f1os, Gil Gonz\u00e1lez repas\u00f3 los or\u00edgenes de una penitencial que, gracias al impulso del entonces p\u00e1rroco \u2013Carmelo Rodr\u00edguez del Cueto, a quien tambi\u00e9n record\u00f3 el capell\u00e1n de la cofrad\u00eda, Lauro P\u00e9rez Luengos\u2013, fue punto de encuentro entre los distintos grupos de San Claudio. Y, sin rehuir la autocr\u00edtica y tras reconocer errores cometidos en el pasado \u2013\u00abque no se deben volver a repetir\u00bb, a\u00f1adi\u00f3\u2013, finaliz\u00f3 apuntando algunos de los retos que, a su juicio, tiene por delante la Bienaventuranza, entre ellos fomentar la uni\u00f3n del barrio, \u2018acercar\u2019 la parroquia a la gente, trabajar para el futuro de los m\u00e1s j\u00f3venes, estar pendientes de los problemas y necesidades de los hermanos o crear un grupo de apoyo a los mayores.<\/p>\n","protected":false},"excerpt":{"rendered":"<p>La Cofrad\u00eda del Santo Cristo de la Bienaventuranza de Le\u00f3n clausuraba el pasado lunes, 25 de octubre, su tercer plan de formaci\u00f3n cofrade \u00abSin perder el paso\u00bb, iniciado en noviembre de 2019 y que se ha dilatado en el tiempo debido a la covid-19. Esta \u00faltima sesi\u00f3n, titulada \u00abLa Bienaventuranza: el gran proyecto de don [&hellip;]<\/p>\n","protected":false},"author":1,"featured_media":0,"comment_status":"open","ping_status":"open","sticky":false,"template":"","format":"standard","meta":{"footnotes":""},"categories":[28],"tags":[],"class_list":["post-4624","post","type-post","status-publish","format-standard","hentry","category-historico"],"_links":{"self":[{"href":"https:\/\/pruebas.cursopracticoseo.com\/wordpress_o\/wp-json\/wp\/v2\/posts\/4624","targetHints":{"allow":["GET"]}}],"collection":[{"href":"https:\/\/pruebas.cursopracticoseo.com\/wordpress_o\/wp-json\/wp\/v2\/posts"}],"about":[{"href":"https:\/\/pruebas.cursopracticoseo.com\/wordpress_o\/wp-json\/wp\/v2\/types\/post"}],"author":[{"embeddable":true,"href":"https:\/\/pruebas.cursopracticoseo.com\/wordpress_o\/wp-json\/wp\/v2\/users\/1"}],"replies":[{"embeddable":true,"href":"https:\/\/pruebas.cursopracticoseo.com\/wordpress_o\/wp-json\/wp\/v2\/comments?post=4624"}],"version-history":[{"count":0,"href":"https:\/\/pruebas.cursopracticoseo.com\/wordpress_o\/wp-json\/wp\/v2\/posts\/4624\/revisions"}],"wp:attachment":[{"href":"https:\/\/pruebas.cursopracticoseo.com\/wordpress_o\/wp-json\/wp\/v2\/media?parent=4624"}],"wp:term":[{"taxonomy":"category","embeddable":true,"href":"https:\/\/pruebas.cursopracticoseo.com\/wordpress_o\/wp-json\/wp\/v2\/categories?post=4624"},{"taxonomy":"post_tag","embeddable":true,"href":"https:\/\/pruebas.cursopracticoseo.com\/wordpress_o\/wp-json\/wp\/v2\/tags?post=4624"}],"curies":[{"name":"wp","href":"https:\/\/api.w.org\/{rel}","templated":true}]}}