{"id":4619,"date":"2021-12-15T00:00:00","date_gmt":"2021-12-15T00:00:00","guid":{"rendered":"https:\/\/pruebas.cursopracticoseo.com\/wordpress_o\/lauro-perez-la-parroquia-es-la-casa-de-todos-debemos-adquirir-responsabilidades-con-ella\/"},"modified":"2021-12-15T00:00:00","modified_gmt":"2021-12-15T00:00:00","slug":"lauro-perez-la-parroquia-es-la-casa-de-todos-debemos-adquirir-responsabilidades-con-ella","status":"publish","type":"post","link":"https:\/\/pruebas.cursopracticoseo.com\/wordpress_o\/lauro-perez-la-parroquia-es-la-casa-de-todos-debemos-adquirir-responsabilidades-con-ella\/","title":{"rendered":"LAURO P\u00c9REZ: \u00abLA PARROQUIA ES LA CASA DE TODOS, DEBEMOS ADQUIRIR RESPONSABILIDADES CON ELLA\u00bb"},"content":{"rendered":"<p>La Cofrad\u00eda del Santo Cristo de la Bienaventuranza de Le\u00f3n retomaba, el pasado lunes, 13 de diciembre, su plan de formaci\u00f3n cofrade \u201cSin perder el paso\u201d. Iniciaba las sesiones Lauro P\u00e9rez Luengos, capell\u00e1n de la cofrad\u00eda.<\/p>\n<p>En su exposici\u00f3n, bajo el t\u00edtulo \u201cEl papel de la cofrad\u00eda en la parroquia\u201d, el capell\u00e1n abord\u00f3 temas tales como las obligaciones que tienen los cristianos con los derechos de su religi\u00f3n, la responsabilidad que debe de tener cada uno con su bautismo. Lauro tambi\u00e9n lament\u00f3 la falta de compromiso que existe por parte de los feligreses en estos momentos respecto a su parroquia, a quienes invit\u00f3 a reflexionar para cuidarla y adquirir compromiso con ella. \u201cDebemos preguntarnos qu\u00e9 hacer por la parroquia\u201d, recalc\u00f3.<\/p>\n<p>Finalizaba la sesi\u00f3n indicando que es necesario que para que la gente se acerque a su parroquia, son los propios curas los que deben dejar que los feligreses participen en la vida de \u00e9sta.<\/p>\n","protected":false},"excerpt":{"rendered":"<p>La Cofrad\u00eda del Santo Cristo de la Bienaventuranza de Le\u00f3n retomaba, el pasado lunes, 13 de diciembre, su plan de formaci\u00f3n cofrade \u201cSin perder el paso\u201d. Iniciaba las sesiones Lauro P\u00e9rez Luengos, capell\u00e1n de la cofrad\u00eda. En su exposici\u00f3n, bajo el t\u00edtulo \u201cEl papel de la cofrad\u00eda en la parroquia\u201d, el capell\u00e1n abord\u00f3 temas tales [&hellip;]<\/p>\n","protected":false},"author":1,"featured_media":0,"comment_status":"open","ping_status":"open","sticky":false,"template":"","format":"standard","meta":{"footnotes":""},"categories":[28],"tags":[],"class_list":["post-4619","post","type-post","status-publish","format-standard","hentry","category-historico"],"_links":{"self":[{"href":"https:\/\/pruebas.cursopracticoseo.com\/wordpress_o\/wp-json\/wp\/v2\/posts\/4619","targetHints":{"allow":["GET"]}}],"collection":[{"href":"https:\/\/pruebas.cursopracticoseo.com\/wordpress_o\/wp-json\/wp\/v2\/posts"}],"about":[{"href":"https:\/\/pruebas.cursopracticoseo.com\/wordpress_o\/wp-json\/wp\/v2\/types\/post"}],"author":[{"embeddable":true,"href":"https:\/\/pruebas.cursopracticoseo.com\/wordpress_o\/wp-json\/wp\/v2\/users\/1"}],"replies":[{"embeddable":true,"href":"https:\/\/pruebas.cursopracticoseo.com\/wordpress_o\/wp-json\/wp\/v2\/comments?post=4619"}],"version-history":[{"count":0,"href":"https:\/\/pruebas.cursopracticoseo.com\/wordpress_o\/wp-json\/wp\/v2\/posts\/4619\/revisions"}],"wp:attachment":[{"href":"https:\/\/pruebas.cursopracticoseo.com\/wordpress_o\/wp-json\/wp\/v2\/media?parent=4619"}],"wp:term":[{"taxonomy":"category","embeddable":true,"href":"https:\/\/pruebas.cursopracticoseo.com\/wordpress_o\/wp-json\/wp\/v2\/categories?post=4619"},{"taxonomy":"post_tag","embeddable":true,"href":"https:\/\/pruebas.cursopracticoseo.com\/wordpress_o\/wp-json\/wp\/v2\/tags?post=4619"}],"curies":[{"name":"wp","href":"https:\/\/api.w.org\/{rel}","templated":true}]}}