{"id":4613,"date":"2022-01-27T00:00:00","date_gmt":"2022-01-27T00:00:00","guid":{"rendered":"https:\/\/pruebas.cursopracticoseo.com\/wordpress_o\/la-hermandad-de-santa-marta-organiza-la-viii-jornada-cofrade\/"},"modified":"2022-01-27T00:00:00","modified_gmt":"2022-01-27T00:00:00","slug":"la-hermandad-de-santa-marta-organiza-la-viii-jornada-cofrade","status":"publish","type":"post","link":"https:\/\/pruebas.cursopracticoseo.com\/wordpress_o\/la-hermandad-de-santa-marta-organiza-la-viii-jornada-cofrade\/","title":{"rendered":"LA HERMANDAD DE SANTA MARTA ORGANIZA LA VIII JORNADA COFRADE"},"content":{"rendered":"<p>La Hermandad de Santa Marta y de la Sagrada Cena organiza la VIII Jornada Cofrade a la que da nombre su hermano fundador y primer presidente, D. M\u00e1ximo G\u00f3mez Barthe. Coincidiendo con el septuag\u00e9simo quinto aniversario fundacional de la Hermandad en esta edici\u00f3n la Jornada contar\u00e1 con dos sesiones que se celebrar\u00e1n los d\u00edas 4 y 5 de febrero.<\/p>\n<p>El d\u00eda 4 de febrero la Jornada Cofrade se desarrollar\u00e1 a partir de las ocho de la tarde en el Sal\u00f3n de Actos del Museo Diocesano y de Semana Santa, donde se proyectar\u00e1n diversos v\u00eddeos antiguos en los que se visualizar\u00e1 a la Hermandad entre 1970 y 2001. En concreto se trata de v\u00eddeos in\u00e9ditos correspondientes a la presencia de la Hermandad de Santa Marta en la Semana Santa leonesa y en la Procesi\u00f3n del Corpus.<\/p>\n<p>Al d\u00eda siguiente, 5 de febrero, a las cinco y media de la tarde la iglesia del Convento de San Francisco acoger\u00e1 la segunda sesi\u00f3n de estas VIII Jornadas Cofrades. En este acto el sacerdote leon\u00e9s D. Jorge de Juan Fern\u00e1ndez meditar\u00e1 ante el Crucificado que esta Hermandad ha procesionado entre 2007 y 2019 cada Lunes Santo en el Rosario de Pasi\u00f3n. La intervenci\u00f3n del sacerdote, titulada: \u201cMu\u00e9veme el verte clavado en una Cruz\u201d. Reflexi\u00f3n de un creyente ante su Dios que sufre y muere, contar\u00e1 con el acompa\u00f1amiento musical de la Coral Gregoriana del C\u00edster de Sandoval que cantar\u00e1 diversas piezas de la Pasi\u00f3n y Muerte.<\/p>\n<p>D. Jorge de Juan Fern\u00e1ndez es profesor en la Universidad de Le\u00f3n, en el Centro Superior de Estudios Teol\u00f3gicos de Le\u00f3n (Univ. Pontificia de Salamanca) y en el Instituto de Superior de Ciencias Religiosas \u201cSan Genadio\u201d de Ponferrada. Es P\u00e1rroco in solidum en la Agrupaci\u00f3n Parroquial San Jos\u00e9 de nuestra ciudad. Dirige la revista Ateneo leon\u00e9s desde su fundaci\u00f3n.<\/p>\n<p>En ambos casos la entrada es libre hasta completar el aforo, pero siguiendo en todo momento las recomendaciones sanitarias y medidas de prevenci\u00f3n, uso de mascarilla e hidrogel.<\/p>\n","protected":false},"excerpt":{"rendered":"<p>La Hermandad de Santa Marta y de la Sagrada Cena organiza la VIII Jornada Cofrade a la que da nombre su hermano fundador y primer presidente, D. M\u00e1ximo G\u00f3mez Barthe. Coincidiendo con el septuag\u00e9simo quinto aniversario fundacional de la Hermandad en esta edici\u00f3n la Jornada contar\u00e1 con dos sesiones que se celebrar\u00e1n los d\u00edas 4 [&hellip;]<\/p>\n","protected":false},"author":1,"featured_media":0,"comment_status":"open","ping_status":"open","sticky":false,"template":"","format":"standard","meta":{"footnotes":""},"categories":[28],"tags":[],"class_list":["post-4613","post","type-post","status-publish","format-standard","hentry","category-historico"],"_links":{"self":[{"href":"https:\/\/pruebas.cursopracticoseo.com\/wordpress_o\/wp-json\/wp\/v2\/posts\/4613","targetHints":{"allow":["GET"]}}],"collection":[{"href":"https:\/\/pruebas.cursopracticoseo.com\/wordpress_o\/wp-json\/wp\/v2\/posts"}],"about":[{"href":"https:\/\/pruebas.cursopracticoseo.com\/wordpress_o\/wp-json\/wp\/v2\/types\/post"}],"author":[{"embeddable":true,"href":"https:\/\/pruebas.cursopracticoseo.com\/wordpress_o\/wp-json\/wp\/v2\/users\/1"}],"replies":[{"embeddable":true,"href":"https:\/\/pruebas.cursopracticoseo.com\/wordpress_o\/wp-json\/wp\/v2\/comments?post=4613"}],"version-history":[{"count":0,"href":"https:\/\/pruebas.cursopracticoseo.com\/wordpress_o\/wp-json\/wp\/v2\/posts\/4613\/revisions"}],"wp:attachment":[{"href":"https:\/\/pruebas.cursopracticoseo.com\/wordpress_o\/wp-json\/wp\/v2\/media?parent=4613"}],"wp:term":[{"taxonomy":"category","embeddable":true,"href":"https:\/\/pruebas.cursopracticoseo.com\/wordpress_o\/wp-json\/wp\/v2\/categories?post=4613"},{"taxonomy":"post_tag","embeddable":true,"href":"https:\/\/pruebas.cursopracticoseo.com\/wordpress_o\/wp-json\/wp\/v2\/tags?post=4613"}],"curies":[{"name":"wp","href":"https:\/\/api.w.org\/{rel}","templated":true}]}}