{"id":4605,"date":"2022-03-22T00:00:00","date_gmt":"2022-03-22T00:00:00","guid":{"rendered":"https:\/\/pruebas.cursopracticoseo.com\/wordpress_o\/presentacion-nuevo-trono-santo-cristo-de-la-bienaventuranza\/"},"modified":"2022-03-22T00:00:00","modified_gmt":"2022-03-22T00:00:00","slug":"presentacion-nuevo-trono-santo-cristo-de-la-bienaventuranza","status":"publish","type":"post","link":"https:\/\/pruebas.cursopracticoseo.com\/wordpress_o\/presentacion-nuevo-trono-santo-cristo-de-la-bienaventuranza\/","title":{"rendered":"PRESENTACI\u00d3N NUEVO TRONO SANTO CRISTO DE LA BIENAVENTURANZA"},"content":{"rendered":"<p>La Cofrad\u00eda del Santo Cristo de la Bienaventuranza organiz\u00f3 la ma\u00f1ana del domingo 20 de marzo la presentaci\u00f3n y bendici\u00f3n del nuevo trono del Santo Cristo de la Bienaventuranza.<\/p>\n<p>El nuevo trono, obra del taller Hijos de Esteban Jim\u00e9nez S.L. (Baza, Granada), fue presentado en el Museo Diocesano y de Semana Santa de Le\u00f3n. Hecho de madera de cedro, tiene unas medidas de 402 de largo x 251 de ancho y 108 de alto. En los laterales del trono est\u00e1n grabadas las ocho bienaventuranzas que se leen durante el Serm\u00f3n la ma\u00f1ana de Jueves Santo delante de la Catedral. En un lateral, adem\u00e1s, aparece labrado el emblema de la cofrad\u00eda, mientras que en el otro est\u00e1 grabado el emblema del propio paso. En la parte trasera, la placa de difuntos, y en el frontal, la talla del Cristo titular de la Cofrad\u00eda. Las esquinas del trono son coronadas por cuatro hachones.<\/p>\n<p>Para finalizar los actos, la Agrupaci\u00f3n Musical Santo Cristo de la Bienaventuranza ofreci\u00f3 un concierto de marchas procesionales.<\/p>\n","protected":false},"excerpt":{"rendered":"<p>La Cofrad\u00eda del Santo Cristo de la Bienaventuranza organiz\u00f3 la ma\u00f1ana del domingo 20 de marzo la presentaci\u00f3n y bendici\u00f3n del nuevo trono del Santo Cristo de la Bienaventuranza. El nuevo trono, obra del taller Hijos de Esteban Jim\u00e9nez S.L. (Baza, Granada), fue presentado en el Museo Diocesano y de Semana Santa de Le\u00f3n. Hecho [&hellip;]<\/p>\n","protected":false},"author":1,"featured_media":0,"comment_status":"open","ping_status":"open","sticky":false,"template":"","format":"standard","meta":{"footnotes":""},"categories":[28],"tags":[],"class_list":["post-4605","post","type-post","status-publish","format-standard","hentry","category-historico"],"_links":{"self":[{"href":"https:\/\/pruebas.cursopracticoseo.com\/wordpress_o\/wp-json\/wp\/v2\/posts\/4605","targetHints":{"allow":["GET"]}}],"collection":[{"href":"https:\/\/pruebas.cursopracticoseo.com\/wordpress_o\/wp-json\/wp\/v2\/posts"}],"about":[{"href":"https:\/\/pruebas.cursopracticoseo.com\/wordpress_o\/wp-json\/wp\/v2\/types\/post"}],"author":[{"embeddable":true,"href":"https:\/\/pruebas.cursopracticoseo.com\/wordpress_o\/wp-json\/wp\/v2\/users\/1"}],"replies":[{"embeddable":true,"href":"https:\/\/pruebas.cursopracticoseo.com\/wordpress_o\/wp-json\/wp\/v2\/comments?post=4605"}],"version-history":[{"count":0,"href":"https:\/\/pruebas.cursopracticoseo.com\/wordpress_o\/wp-json\/wp\/v2\/posts\/4605\/revisions"}],"wp:attachment":[{"href":"https:\/\/pruebas.cursopracticoseo.com\/wordpress_o\/wp-json\/wp\/v2\/media?parent=4605"}],"wp:term":[{"taxonomy":"category","embeddable":true,"href":"https:\/\/pruebas.cursopracticoseo.com\/wordpress_o\/wp-json\/wp\/v2\/categories?post=4605"},{"taxonomy":"post_tag","embeddable":true,"href":"https:\/\/pruebas.cursopracticoseo.com\/wordpress_o\/wp-json\/wp\/v2\/tags?post=4605"}],"curies":[{"name":"wp","href":"https:\/\/api.w.org\/{rel}","templated":true}]}}