{"id":4602,"date":"2022-03-28T00:00:00","date_gmt":"2022-03-28T00:00:00","guid":{"rendered":"https:\/\/pruebas.cursopracticoseo.com\/wordpress_o\/la-parroquia-de-nuestra-senora-del-mercado-contara-en-propiedad-con-una-orla-para-los-cultos-de-la-virgen\/"},"modified":"2022-03-28T00:00:00","modified_gmt":"2022-03-28T00:00:00","slug":"la-parroquia-de-nuestra-senora-del-mercado-contara-en-propiedad-con-una-orla-para-los-cultos-de-la-virgen","status":"publish","type":"post","link":"https:\/\/pruebas.cursopracticoseo.com\/wordpress_o\/la-parroquia-de-nuestra-senora-del-mercado-contara-en-propiedad-con-una-orla-para-los-cultos-de-la-virgen\/","title":{"rendered":"LA PARROQUIA DE NUESTRA SE\u00d1ORA DEL MERCADO CONTAR\u00c1 EN PROPIEDAD CON UNA ORLA PARA LOS CULTOS DE LA VIRGEN"},"content":{"rendered":"<p>El jueves 24 de marzo D. Manuel Fl\u00e1ker, como p\u00e1rroco de la Iglesia de Nuestra Se\u00f1ora del Mercado, recibi\u00f3 de unos fieles que han preferido permanecer en el anonimato, la donaci\u00f3n de una orla para anunciar anualmente los cultos que la parroquia realiza a la Virgen del Mercado que ya ser\u00e1 utilizada en e sta Cuaresma para la Novena de los Dolores, la exposici\u00f3n de las reliquias de las Santas Espinas y la tradicional y esperada procesi\u00f3n el Viernes de Dolores con la venerada imagen.<\/p>\n<p>La obra se ha realizado en 2022 mediante pintura al \u00f3leo sobre papel, (41 x 62,5 cm) fue encargada por los donantes al artista Alejandro Grande, autor de l cartel de oficial de Semana Santa en 2021 y del cartel para el pr\u00f3ximo Encuentro Nacional de cofrad\u00edas que tendr\u00e1 lugar en Le\u00f3n el pr\u00f3ximo mes de septiembre.<\/p>\n<p>Alejandro Grande ha sintetizado figurativamente en este marco de influencia rom\u00e1ntica decimon\u00f3nica, diversos aspectos vinculados a la Virgen del Mercado. La orla es presidida por la propia imagen en un blas\u00f3n que descansa sobre el emblema e icono doloroso del coraz\u00f3n de M ar\u00eda atravesado por siete pu\u00f1ales, tomando como base la corona de espinas de Cristo en alusi\u00f3n a las Sagradas reliquias que guarda la parroquia y reciben tambi\u00e9n culto esta Cuaresma. El tondo es rodeado por azucenas, atributo de pureza de la Virgen Mar\u00eda, presente en los escudos que portan los leones que custodian el templo de la calle Herreros y que tambi\u00e9n son presentados flanqueando los l\u00edmites verticales de la obra. La base del conjunto muestra el blas\u00f3n de la ciudad de Le\u00f3n, rodeado de ramas de laurel tambi\u00e9n se recuerda la fecha establecida de la Aparici\u00f3n de Nuestra Se\u00f1ora ( y el lugar donde se produjo, mediante la figuraci\u00f3n de una piedra y la zarza de donde surge la imagen. En el extremo central del borde inferior se presenta la caracter\u00edstica \u201cconcha de Santiago\u201d por ser el templo del Mercado la primera iglesia leonesa intramuros que encuentran los peregrinos en la ruta Jacobea por la ciudad. En los laterales se incluye el verso b\u00edblico atribuido al profeta Jerem\u00edas \u201cAtended y ved si hay dolor como mi dolor\u201d (Lam 1, 12) en letras de oro sobre fondo carmes\u00ed en alusi\u00f3n al manto donado a la Virgen por la Reina Isabel II en 1858, motivo por el que todo el conjunto es rematado con corona real.<\/p>\n","protected":false},"excerpt":{"rendered":"<p>El jueves 24 de marzo D. Manuel Fl\u00e1ker, como p\u00e1rroco de la Iglesia de Nuestra Se\u00f1ora del Mercado, recibi\u00f3 de unos fieles que han preferido permanecer en el anonimato, la donaci\u00f3n de una orla para anunciar anualmente los cultos que la parroquia realiza a la Virgen del Mercado que ya ser\u00e1 utilizada en e sta [&hellip;]<\/p>\n","protected":false},"author":1,"featured_media":0,"comment_status":"open","ping_status":"open","sticky":false,"template":"","format":"standard","meta":{"footnotes":""},"categories":[28],"tags":[],"class_list":["post-4602","post","type-post","status-publish","format-standard","hentry","category-historico"],"_links":{"self":[{"href":"https:\/\/pruebas.cursopracticoseo.com\/wordpress_o\/wp-json\/wp\/v2\/posts\/4602","targetHints":{"allow":["GET"]}}],"collection":[{"href":"https:\/\/pruebas.cursopracticoseo.com\/wordpress_o\/wp-json\/wp\/v2\/posts"}],"about":[{"href":"https:\/\/pruebas.cursopracticoseo.com\/wordpress_o\/wp-json\/wp\/v2\/types\/post"}],"author":[{"embeddable":true,"href":"https:\/\/pruebas.cursopracticoseo.com\/wordpress_o\/wp-json\/wp\/v2\/users\/1"}],"replies":[{"embeddable":true,"href":"https:\/\/pruebas.cursopracticoseo.com\/wordpress_o\/wp-json\/wp\/v2\/comments?post=4602"}],"version-history":[{"count":0,"href":"https:\/\/pruebas.cursopracticoseo.com\/wordpress_o\/wp-json\/wp\/v2\/posts\/4602\/revisions"}],"wp:attachment":[{"href":"https:\/\/pruebas.cursopracticoseo.com\/wordpress_o\/wp-json\/wp\/v2\/media?parent=4602"}],"wp:term":[{"taxonomy":"category","embeddable":true,"href":"https:\/\/pruebas.cursopracticoseo.com\/wordpress_o\/wp-json\/wp\/v2\/categories?post=4602"},{"taxonomy":"post_tag","embeddable":true,"href":"https:\/\/pruebas.cursopracticoseo.com\/wordpress_o\/wp-json\/wp\/v2\/tags?post=4602"}],"curies":[{"name":"wp","href":"https:\/\/api.w.org\/{rel}","templated":true}]}}