{"id":4601,"date":"2022-03-29T00:00:00","date_gmt":"2022-03-29T00:00:00","guid":{"rendered":"https:\/\/pruebas.cursopracticoseo.com\/wordpress_o\/acto-de-presentacion-de-la-revista-y-mesa-redonda-cofradia-del-dulce-nombre-de-jesus-nazareno\/"},"modified":"2022-03-29T00:00:00","modified_gmt":"2022-03-29T00:00:00","slug":"acto-de-presentacion-de-la-revista-y-mesa-redonda-cofradia-del-dulce-nombre-de-jesus-nazareno","status":"publish","type":"post","link":"https:\/\/pruebas.cursopracticoseo.com\/wordpress_o\/acto-de-presentacion-de-la-revista-y-mesa-redonda-cofradia-del-dulce-nombre-de-jesus-nazareno\/","title":{"rendered":"ACTO DE PRESENTACI\u00d3N DE LA REVISTA Y MESA REDONDA. COFRAD\u00cdA DEL DULCE NOMBRE DE JES\u00daS NAZARENO"},"content":{"rendered":"<p>La Cofrad\u00eda del Dulce Nombre de Jes\u00fas Nazareno presentar\u00e1 su revista de la Semana Santa 2022, durante un acto que tendr\u00e1 lugar en la Capilla de Santa Nonia, el d\u00eda 30 de marzo de 2022 a las 20:00 horas.<\/p>\n<p>Acto seguido a la presentaci\u00f3n de la revista, tendr\u00e1 lugar una mesa redonda, con el t\u00edtulo \u201cEVOLUCI\u00d3N DE LA PROCESI\u00d3N DE LOS PASOS\u201d, contando como moderador con Alejandro Garc\u00eda Montero.<\/p>\n<p>En la mesa redonda intervendr\u00e1n como participantes Gonzalo Gonz\u00e1lez Cay\u00f3n, Carlos Garc\u00eda Rioja y Javier Caballero Chica (articulistas); Miguel Seijas, Adri\u00e1n de la Torre y Javier Fern\u00e1ndez Zard\u00f3n (Fot\u00f3grafos).<\/p>\n<p>Durante la celebraci\u00f3n de este acto, participar\u00e1 la Banda de Cornetas y Tambores de la Cofrad\u00eda.<\/p>\n<p>La entrada ser\u00e1 libre para los hermanos de la Cofrad\u00eda y p\u00fablico en general.<\/p>\n","protected":false},"excerpt":{"rendered":"<p>La Cofrad\u00eda del Dulce Nombre de Jes\u00fas Nazareno presentar\u00e1 su revista de la Semana Santa 2022, durante un acto que tendr\u00e1 lugar en la Capilla de Santa Nonia, el d\u00eda 30 de marzo de 2022 a las 20:00 horas. Acto seguido a la presentaci\u00f3n de la revista, tendr\u00e1 lugar una mesa redonda, con el t\u00edtulo [&hellip;]<\/p>\n","protected":false},"author":1,"featured_media":0,"comment_status":"open","ping_status":"open","sticky":false,"template":"","format":"standard","meta":{"footnotes":""},"categories":[28],"tags":[],"class_list":["post-4601","post","type-post","status-publish","format-standard","hentry","category-historico"],"_links":{"self":[{"href":"https:\/\/pruebas.cursopracticoseo.com\/wordpress_o\/wp-json\/wp\/v2\/posts\/4601","targetHints":{"allow":["GET"]}}],"collection":[{"href":"https:\/\/pruebas.cursopracticoseo.com\/wordpress_o\/wp-json\/wp\/v2\/posts"}],"about":[{"href":"https:\/\/pruebas.cursopracticoseo.com\/wordpress_o\/wp-json\/wp\/v2\/types\/post"}],"author":[{"embeddable":true,"href":"https:\/\/pruebas.cursopracticoseo.com\/wordpress_o\/wp-json\/wp\/v2\/users\/1"}],"replies":[{"embeddable":true,"href":"https:\/\/pruebas.cursopracticoseo.com\/wordpress_o\/wp-json\/wp\/v2\/comments?post=4601"}],"version-history":[{"count":0,"href":"https:\/\/pruebas.cursopracticoseo.com\/wordpress_o\/wp-json\/wp\/v2\/posts\/4601\/revisions"}],"wp:attachment":[{"href":"https:\/\/pruebas.cursopracticoseo.com\/wordpress_o\/wp-json\/wp\/v2\/media?parent=4601"}],"wp:term":[{"taxonomy":"category","embeddable":true,"href":"https:\/\/pruebas.cursopracticoseo.com\/wordpress_o\/wp-json\/wp\/v2\/categories?post=4601"},{"taxonomy":"post_tag","embeddable":true,"href":"https:\/\/pruebas.cursopracticoseo.com\/wordpress_o\/wp-json\/wp\/v2\/tags?post=4601"}],"curies":[{"name":"wp","href":"https:\/\/api.w.org\/{rel}","templated":true}]}}