{"id":4595,"date":"2022-03-31T00:00:00","date_gmt":"2022-03-31T00:00:00","guid":{"rendered":"https:\/\/pruebas.cursopracticoseo.com\/wordpress_o\/presentacion-y-bendicion-de-la-imagen-del-santisimo-cristo-de-las-siete-palabras\/"},"modified":"2026-03-04T13:47:00","modified_gmt":"2026-03-04T13:47:00","slug":"presentacion-y-bendicion-de-la-imagen-del-santisimo-cristo-de-las-siete-palabras","status":"publish","type":"post","link":"https:\/\/pruebas.cursopracticoseo.com\/wordpress_o\/presentacion-y-bendicion-de-la-imagen-del-santisimo-cristo-de-las-siete-palabras\/","title":{"rendered":"PRESENTACI\u00d3N Y BENDICI\u00d3N DE LA IMAGEN DEL SANT\u00cdSIMO CRISTO DE LAS SIETE PALABRAS"},"content":{"rendered":"<p>El pr\u00f3ximo s\u00e1bado, 2 de abril, tendr\u00e1 lugar, D.m., la presentaci\u00f3n y bendici\u00f3n del Sant\u00edsimo Cristo de las Siete Palabras (imagen titular del Paso de Misterio de la Primera Palabra).<\/p>\n<p>Dicho acto tendr\u00e1 lugar en el Museo Diocesano y de Semana Santa de Le\u00f3n a las 12.00h y estar\u00e1 presidido por el se\u00f1or Obispo de la Di\u00f3cesis de Le\u00f3n, don Luis \u00c1ngel de las Heras Berzal, quien conceder\u00e1 la bendici\u00f3n a la nueva imagen de la Cofrad\u00eda.<\/p>\n","protected":false},"excerpt":{"rendered":"<p>El pr\u00f3ximo s\u00e1bado, 2 de abril, tendr\u00e1 lugar, D.m., la presentaci\u00f3n y bendici\u00f3n del Sant\u00edsimo Cristo de las Siete Palabras (imagen titular del Paso de Misterio de la Primera Palabra). Dicho acto tendr\u00e1 lugar en el Museo Diocesano y de Semana Santa de Le\u00f3n a las 12.00h y estar\u00e1 presidido por el se\u00f1or Obispo de [&hellip;]<\/p>\n","protected":false},"author":1,"featured_media":0,"comment_status":"open","ping_status":"open","sticky":false,"template":"","format":"standard","meta":{"footnotes":""},"categories":[28],"tags":[],"class_list":["post-4595","post","type-post","status-publish","format-standard","hentry","category-historico"],"_links":{"self":[{"href":"https:\/\/pruebas.cursopracticoseo.com\/wordpress_o\/wp-json\/wp\/v2\/posts\/4595","targetHints":{"allow":["GET"]}}],"collection":[{"href":"https:\/\/pruebas.cursopracticoseo.com\/wordpress_o\/wp-json\/wp\/v2\/posts"}],"about":[{"href":"https:\/\/pruebas.cursopracticoseo.com\/wordpress_o\/wp-json\/wp\/v2\/types\/post"}],"author":[{"embeddable":true,"href":"https:\/\/pruebas.cursopracticoseo.com\/wordpress_o\/wp-json\/wp\/v2\/users\/1"}],"replies":[{"embeddable":true,"href":"https:\/\/pruebas.cursopracticoseo.com\/wordpress_o\/wp-json\/wp\/v2\/comments?post=4595"}],"version-history":[{"count":1,"href":"https:\/\/pruebas.cursopracticoseo.com\/wordpress_o\/wp-json\/wp\/v2\/posts\/4595\/revisions"}],"predecessor-version":[{"id":4596,"href":"https:\/\/pruebas.cursopracticoseo.com\/wordpress_o\/wp-json\/wp\/v2\/posts\/4595\/revisions\/4596"}],"wp:attachment":[{"href":"https:\/\/pruebas.cursopracticoseo.com\/wordpress_o\/wp-json\/wp\/v2\/media?parent=4595"}],"wp:term":[{"taxonomy":"category","embeddable":true,"href":"https:\/\/pruebas.cursopracticoseo.com\/wordpress_o\/wp-json\/wp\/v2\/categories?post=4595"},{"taxonomy":"post_tag","embeddable":true,"href":"https:\/\/pruebas.cursopracticoseo.com\/wordpress_o\/wp-json\/wp\/v2\/tags?post=4595"}],"curies":[{"name":"wp","href":"https:\/\/api.w.org\/{rel}","templated":true}]}}