{"id":4593,"date":"2022-04-06T00:00:00","date_gmt":"2022-04-06T00:00:00","guid":{"rendered":"https:\/\/pruebas.cursopracticoseo.com\/wordpress_o\/un-crucificado-de-victor-de-los-rios-en-la-procesion-del-rosario-de-pasion\/"},"modified":"2022-04-06T00:00:00","modified_gmt":"2022-04-06T00:00:00","slug":"un-crucificado-de-victor-de-los-rios-en-la-procesion-del-rosario-de-pasion","status":"publish","type":"post","link":"https:\/\/pruebas.cursopracticoseo.com\/wordpress_o\/un-crucificado-de-victor-de-los-rios-en-la-procesion-del-rosario-de-pasion\/","title":{"rendered":"UN CRUCIFICADO DE V\u00cdCTOR DE LOS R\u00cdOS EN LA PROCESI\u00d3N DEL ROSARIO DE PASI\u00d3N"},"content":{"rendered":"<p>El jueves 7 abril la Hermandad Sacramental de Santa Marta y de la Sagrada Cena acoger\u00e1 a los nuevos hermanos y hermanas en la ceremonia de admisi\u00f3n, bendici\u00f3n de t\u00fanicas e imposici\u00f3n del medall\u00f3n que se efectuar\u00e1 en la iglesia parroquial de San Marcelo a las 20:30 h. El Domingo de Ramos celebrar\u00e1 la Misa de cumplimiento pascual en la referida iglesia a las 9:30 h.<\/p>\n<p>El pr\u00f3ximo d\u00eda 11 de abril, Lunes Santo, la Hermandad organizar\u00e1 la procesi\u00f3n del Rosario de Pasi\u00f3n en el que procesionar\u00e1n dos nuevos pasos. Por un lado, el cuarto misterio doloroso, Jes\u00fas con la Cruz a cuestas, estar\u00e1 representado por un Nazareno tallado por el leon\u00e9s Manuel L\u00f3pez B\u00e9cker, propiedad de la iglesia parroquial de Est\u00e9banez de la Calzada.<\/p>\n<p>La segunda novedad imaginera corresponde al quinto misterio doloroso, la Crucifixi\u00f3n y muerte del Se\u00f1or, representado por un Crucificado de V\u00edctor de los R\u00edos Campos que pertenece al Colegio Disc\u00edpulas de Jes\u00fas de nuestra ciudad. Se trata de la primera ocasi\u00f3n en que un Crucificado de V\u00edctor de los R\u00edos sea procesionado por las calles y plazas de Le\u00f3n. La Procesi\u00f3n del Rosario de Pasi\u00f3n efectuar\u00e1 su salida de la iglesia de San Marcelo a las 20:30 h.<\/p>\n","protected":false},"excerpt":{"rendered":"<p>El jueves 7 abril la Hermandad Sacramental de Santa Marta y de la Sagrada Cena acoger\u00e1 a los nuevos hermanos y hermanas en la ceremonia de admisi\u00f3n, bendici\u00f3n de t\u00fanicas e imposici\u00f3n del medall\u00f3n que se efectuar\u00e1 en la iglesia parroquial de San Marcelo a las 20:30 h. El Domingo de Ramos celebrar\u00e1 la Misa [&hellip;]<\/p>\n","protected":false},"author":1,"featured_media":0,"comment_status":"open","ping_status":"open","sticky":false,"template":"","format":"standard","meta":{"footnotes":""},"categories":[28],"tags":[],"class_list":["post-4593","post","type-post","status-publish","format-standard","hentry","category-historico"],"_links":{"self":[{"href":"https:\/\/pruebas.cursopracticoseo.com\/wordpress_o\/wp-json\/wp\/v2\/posts\/4593","targetHints":{"allow":["GET"]}}],"collection":[{"href":"https:\/\/pruebas.cursopracticoseo.com\/wordpress_o\/wp-json\/wp\/v2\/posts"}],"about":[{"href":"https:\/\/pruebas.cursopracticoseo.com\/wordpress_o\/wp-json\/wp\/v2\/types\/post"}],"author":[{"embeddable":true,"href":"https:\/\/pruebas.cursopracticoseo.com\/wordpress_o\/wp-json\/wp\/v2\/users\/1"}],"replies":[{"embeddable":true,"href":"https:\/\/pruebas.cursopracticoseo.com\/wordpress_o\/wp-json\/wp\/v2\/comments?post=4593"}],"version-history":[{"count":0,"href":"https:\/\/pruebas.cursopracticoseo.com\/wordpress_o\/wp-json\/wp\/v2\/posts\/4593\/revisions"}],"wp:attachment":[{"href":"https:\/\/pruebas.cursopracticoseo.com\/wordpress_o\/wp-json\/wp\/v2\/media?parent=4593"}],"wp:term":[{"taxonomy":"category","embeddable":true,"href":"https:\/\/pruebas.cursopracticoseo.com\/wordpress_o\/wp-json\/wp\/v2\/categories?post=4593"},{"taxonomy":"post_tag","embeddable":true,"href":"https:\/\/pruebas.cursopracticoseo.com\/wordpress_o\/wp-json\/wp\/v2\/tags?post=4593"}],"curies":[{"name":"wp","href":"https:\/\/api.w.org\/{rel}","templated":true}]}}