{"id":4585,"date":"2022-05-17T00:00:00","date_gmt":"2022-05-17T00:00:00","guid":{"rendered":"https:\/\/pruebas.cursopracticoseo.com\/wordpress_o\/maximo-gomez-rascon-las-imagenes-son-intermediarias-entre-el-creyente-y-dios\/"},"modified":"2022-05-17T00:00:00","modified_gmt":"2022-05-17T00:00:00","slug":"maximo-gomez-rascon-las-imagenes-son-intermediarias-entre-el-creyente-y-dios","status":"publish","type":"post","link":"https:\/\/pruebas.cursopracticoseo.com\/wordpress_o\/maximo-gomez-rascon-las-imagenes-son-intermediarias-entre-el-creyente-y-dios\/","title":{"rendered":"M\u00c1XIMO G\u00d3MEZ RASC\u00d3N: \u00abLAS IM\u00c1GENES SON INTERMEDIARIAS ENTRE EL CREYENTE Y DIOS\u00bb"},"content":{"rendered":"<p>La Cofrad\u00eda del Santo Cristo de la Bienaventuranza de Le\u00f3n retomaba, el pasado lunes, 16 de mayo, su plan de formaci\u00f3n cofrade \u201cSin perder el paso\u201d. Participaba M\u00e1ximo G\u00f3mez Rasc\u00f3n, can\u00f3nigo de la S.I. Catedral y director de los Museos Catedralicio y Diocesano.<\/p>\n<p>En su exposici\u00f3n, bajo el t\u00edtulo \u201cLas im\u00e1genes: su raz\u00f3n de ser\u201d, el can\u00f3nigo abord\u00f3 temas tales como la prohibici\u00f3n e incluso persecuci\u00f3n de im\u00e1genes en tiempos de los primeros cristianos o la importancia de saber que cuando estamos venerando una imagen no solo lo hacemos a lo meramente visual sino a lo que significa en el Evangelio. Tambi\u00e9n expres\u00f3 que el hombre tiene que estar preparado para ser receptor de lo que transmiten las im\u00e1genes.<\/p>\n<p>Finalizaba la sesi\u00f3n citando unas palabras de San Agust\u00edn, el cual dec\u00eda que la imagen tiene que gustar, tiene que ser fiel a lo que refleja y tiene que ser \u201cuna ventana hacia el infinito\u201d.<\/p>\n","protected":false},"excerpt":{"rendered":"<p>La Cofrad\u00eda del Santo Cristo de la Bienaventuranza de Le\u00f3n retomaba, el pasado lunes, 16 de mayo, su plan de formaci\u00f3n cofrade \u201cSin perder el paso\u201d. Participaba M\u00e1ximo G\u00f3mez Rasc\u00f3n, can\u00f3nigo de la S.I. Catedral y director de los Museos Catedralicio y Diocesano. En su exposici\u00f3n, bajo el t\u00edtulo \u201cLas im\u00e1genes: su raz\u00f3n de ser\u201d, [&hellip;]<\/p>\n","protected":false},"author":1,"featured_media":0,"comment_status":"open","ping_status":"open","sticky":false,"template":"","format":"standard","meta":{"footnotes":""},"categories":[28],"tags":[],"class_list":["post-4585","post","type-post","status-publish","format-standard","hentry","category-historico"],"_links":{"self":[{"href":"https:\/\/pruebas.cursopracticoseo.com\/wordpress_o\/wp-json\/wp\/v2\/posts\/4585","targetHints":{"allow":["GET"]}}],"collection":[{"href":"https:\/\/pruebas.cursopracticoseo.com\/wordpress_o\/wp-json\/wp\/v2\/posts"}],"about":[{"href":"https:\/\/pruebas.cursopracticoseo.com\/wordpress_o\/wp-json\/wp\/v2\/types\/post"}],"author":[{"embeddable":true,"href":"https:\/\/pruebas.cursopracticoseo.com\/wordpress_o\/wp-json\/wp\/v2\/users\/1"}],"replies":[{"embeddable":true,"href":"https:\/\/pruebas.cursopracticoseo.com\/wordpress_o\/wp-json\/wp\/v2\/comments?post=4585"}],"version-history":[{"count":0,"href":"https:\/\/pruebas.cursopracticoseo.com\/wordpress_o\/wp-json\/wp\/v2\/posts\/4585\/revisions"}],"wp:attachment":[{"href":"https:\/\/pruebas.cursopracticoseo.com\/wordpress_o\/wp-json\/wp\/v2\/media?parent=4585"}],"wp:term":[{"taxonomy":"category","embeddable":true,"href":"https:\/\/pruebas.cursopracticoseo.com\/wordpress_o\/wp-json\/wp\/v2\/categories?post=4585"},{"taxonomy":"post_tag","embeddable":true,"href":"https:\/\/pruebas.cursopracticoseo.com\/wordpress_o\/wp-json\/wp\/v2\/tags?post=4585"}],"curies":[{"name":"wp","href":"https:\/\/api.w.org\/{rel}","templated":true}]}}