{"id":4583,"date":"2022-06-07T00:00:00","date_gmt":"2022-06-07T00:00:00","guid":{"rendered":"https:\/\/pruebas.cursopracticoseo.com\/wordpress_o\/luis-angel-de-las-heras-es-el-tiempo-de-todos\/"},"modified":"2022-06-07T00:00:00","modified_gmt":"2022-06-07T00:00:00","slug":"luis-angel-de-las-heras-es-el-tiempo-de-todos","status":"publish","type":"post","link":"https:\/\/pruebas.cursopracticoseo.com\/wordpress_o\/luis-angel-de-las-heras-es-el-tiempo-de-todos\/","title":{"rendered":"LUIS \u00c1NGEL DE LAS HERAS: \u00abES EL TIEMPO DE TODOS\u00bb"},"content":{"rendered":"<p>La Cofrad\u00eda del Santo Cristo de la Bienaventuranza de Le\u00f3n conclu\u00eda, el pasado lunes, 6 de junio, su plan de formaci\u00f3n cofrade \u201cSin perder el paso\u201d. Participaba Luis \u00c1ngel de las Heras Berzal, cmf, Obispo de Le\u00f3n.<\/p>\n<p>En su exposici\u00f3n, bajo el t\u00edtulo \u201cEs tambi\u00e9n la hora de los papones\u201d, el obispo de nuestra ciudad abord\u00f3 temas tales como la hora sinodal en la que nos encontramos, invitando a los all\u00ed presentes a preguntarse qu\u00e9 puede hacer uno mismo por la Iglesia. Recalc\u00f3 tambi\u00e9n que es importante reunirse, pero m\u00e1s importante es estar unidos, as\u00ed como que la conversi\u00f3n no se trata solo de la Cuaresma sino que es un ejercicio cotidiano.<\/p>\n<p>En el \u00e1mbito cofrade remarc\u00f3 que las cofrad\u00edas y sus cofrades somos coprotagonistas y el protagonista es Dios, quien nos ayuda a participar en sus misiones.<\/p>\n<p>Finalizaba la sesi\u00f3n indicando que la parroquia se renueva con el cambio desde los corazones de los parroquianos, e hizo ver que los miembros de una cofrad\u00eda somos Iglesia, somos comuni\u00f3n, somos misi\u00f3n.<\/p>\n","protected":false},"excerpt":{"rendered":"<p>La Cofrad\u00eda del Santo Cristo de la Bienaventuranza de Le\u00f3n conclu\u00eda, el pasado lunes, 6 de junio, su plan de formaci\u00f3n cofrade \u201cSin perder el paso\u201d. Participaba Luis \u00c1ngel de las Heras Berzal, cmf, Obispo de Le\u00f3n. En su exposici\u00f3n, bajo el t\u00edtulo \u201cEs tambi\u00e9n la hora de los papones\u201d, el obispo de nuestra ciudad [&hellip;]<\/p>\n","protected":false},"author":1,"featured_media":0,"comment_status":"open","ping_status":"open","sticky":false,"template":"","format":"standard","meta":{"footnotes":""},"categories":[28],"tags":[],"class_list":["post-4583","post","type-post","status-publish","format-standard","hentry","category-historico"],"_links":{"self":[{"href":"https:\/\/pruebas.cursopracticoseo.com\/wordpress_o\/wp-json\/wp\/v2\/posts\/4583","targetHints":{"allow":["GET"]}}],"collection":[{"href":"https:\/\/pruebas.cursopracticoseo.com\/wordpress_o\/wp-json\/wp\/v2\/posts"}],"about":[{"href":"https:\/\/pruebas.cursopracticoseo.com\/wordpress_o\/wp-json\/wp\/v2\/types\/post"}],"author":[{"embeddable":true,"href":"https:\/\/pruebas.cursopracticoseo.com\/wordpress_o\/wp-json\/wp\/v2\/users\/1"}],"replies":[{"embeddable":true,"href":"https:\/\/pruebas.cursopracticoseo.com\/wordpress_o\/wp-json\/wp\/v2\/comments?post=4583"}],"version-history":[{"count":0,"href":"https:\/\/pruebas.cursopracticoseo.com\/wordpress_o\/wp-json\/wp\/v2\/posts\/4583\/revisions"}],"wp:attachment":[{"href":"https:\/\/pruebas.cursopracticoseo.com\/wordpress_o\/wp-json\/wp\/v2\/media?parent=4583"}],"wp:term":[{"taxonomy":"category","embeddable":true,"href":"https:\/\/pruebas.cursopracticoseo.com\/wordpress_o\/wp-json\/wp\/v2\/categories?post=4583"},{"taxonomy":"post_tag","embeddable":true,"href":"https:\/\/pruebas.cursopracticoseo.com\/wordpress_o\/wp-json\/wp\/v2\/tags?post=4583"}],"curies":[{"name":"wp","href":"https:\/\/api.w.org\/{rel}","templated":true}]}}