{"id":4581,"date":"2022-06-09T00:00:00","date_gmt":"2022-06-09T00:00:00","guid":{"rendered":"https:\/\/pruebas.cursopracticoseo.com\/wordpress_o\/fiesta-del-corpus-chico-de-la-real-cofradia-de-minerva-y-vera-cruz\/"},"modified":"2022-06-09T00:00:00","modified_gmt":"2022-06-09T00:00:00","slug":"fiesta-del-corpus-chico-de-la-real-cofradia-de-minerva-y-vera-cruz","status":"publish","type":"post","link":"https:\/\/pruebas.cursopracticoseo.com\/wordpress_o\/fiesta-del-corpus-chico-de-la-real-cofradia-de-minerva-y-vera-cruz\/","title":{"rendered":"FIESTA DEL CORPUS CHICO DE LA REAL COFRAD\u00cdA DE MINERVA Y VERA CRUZ"},"content":{"rendered":"<p>Con motivo del reconocimiento y declaraci\u00f3n como Bien de Inter\u00e9s Tur\u00edstico de Castilla y Le\u00f3n de la Fiesta del Corpus Chico de la Real Cofrad\u00eda de Minerva y Vera Cruz, por Orden de la Consejer\u00eda de Cultura y Turismo, de 4 de marzo del presente a\u00f1o, se pone en conocimiento que, el pr\u00f3ximo 11 de junio de 2022, a las 12,00 horas, en las instalaciones del Nuevo Recreo Industrial, Pz. de San Marcelo, 18, se proceder\u00e1 a la presentaci\u00f3n oficial a los medios de comunicaci\u00f3n, prensa en general, p\u00fablico y pueblo de Le\u00f3n, as\u00ed como a los Hermanos \/ as de Minerva y Vera Cruz, tanto el Acto y Resoluci\u00f3n del reconocimiento por parte de la Junta de Castilla y Le\u00f3n, como de los actos conmemorativos y celebraciones que se llevar\u00e1n a efecto, junto a la Solemne Procesi\u00f3n del Corpus Chico y que tendr\u00e1 lugar, DM, por las calles del Barrio de San Mart\u00edn y del Mercado, el pr\u00f3ximo d\u00eda 26 de Junio, lo que se comunica para p\u00fablico conocimiento.<\/p>\n<p>En el acto intervendr\u00e1n los Hermanos de la Real Cofrad\u00eda, D. Eduardo Alvarez Aller, Historiador, as\u00ed como D\u00aa Smara Morala Prieto, en su condici\u00f3n de Hermana de la Cofrad\u00eda, Procuradora en Cortes de Castilla y Le\u00f3n en la X Legislatura y Promotora de la Resoluci\u00f3n para la Declaraci\u00f3n Institucional objeto de esta presentaci\u00f3n.<\/p>\n","protected":false},"excerpt":{"rendered":"<p>Con motivo del reconocimiento y declaraci\u00f3n como Bien de Inter\u00e9s Tur\u00edstico de Castilla y Le\u00f3n de la Fiesta del Corpus Chico de la Real Cofrad\u00eda de Minerva y Vera Cruz, por Orden de la Consejer\u00eda de Cultura y Turismo, de 4 de marzo del presente a\u00f1o, se pone en conocimiento que, el pr\u00f3ximo 11 de [&hellip;]<\/p>\n","protected":false},"author":1,"featured_media":0,"comment_status":"open","ping_status":"open","sticky":false,"template":"","format":"standard","meta":{"footnotes":""},"categories":[28],"tags":[],"class_list":["post-4581","post","type-post","status-publish","format-standard","hentry","category-historico"],"_links":{"self":[{"href":"https:\/\/pruebas.cursopracticoseo.com\/wordpress_o\/wp-json\/wp\/v2\/posts\/4581","targetHints":{"allow":["GET"]}}],"collection":[{"href":"https:\/\/pruebas.cursopracticoseo.com\/wordpress_o\/wp-json\/wp\/v2\/posts"}],"about":[{"href":"https:\/\/pruebas.cursopracticoseo.com\/wordpress_o\/wp-json\/wp\/v2\/types\/post"}],"author":[{"embeddable":true,"href":"https:\/\/pruebas.cursopracticoseo.com\/wordpress_o\/wp-json\/wp\/v2\/users\/1"}],"replies":[{"embeddable":true,"href":"https:\/\/pruebas.cursopracticoseo.com\/wordpress_o\/wp-json\/wp\/v2\/comments?post=4581"}],"version-history":[{"count":0,"href":"https:\/\/pruebas.cursopracticoseo.com\/wordpress_o\/wp-json\/wp\/v2\/posts\/4581\/revisions"}],"wp:attachment":[{"href":"https:\/\/pruebas.cursopracticoseo.com\/wordpress_o\/wp-json\/wp\/v2\/media?parent=4581"}],"wp:term":[{"taxonomy":"category","embeddable":true,"href":"https:\/\/pruebas.cursopracticoseo.com\/wordpress_o\/wp-json\/wp\/v2\/categories?post=4581"},{"taxonomy":"post_tag","embeddable":true,"href":"https:\/\/pruebas.cursopracticoseo.com\/wordpress_o\/wp-json\/wp\/v2\/tags?post=4581"}],"curies":[{"name":"wp","href":"https:\/\/api.w.org\/{rel}","templated":true}]}}