{"id":4579,"date":"2022-06-17T00:00:00","date_gmt":"2022-06-17T00:00:00","guid":{"rendered":"https:\/\/pruebas.cursopracticoseo.com\/wordpress_o\/de-forma-magnifica-una-exposicion-ambiciosa-para-el-33-encuentro-nacional-de-cofradias\/"},"modified":"2022-06-17T00:00:00","modified_gmt":"2022-06-17T00:00:00","slug":"de-forma-magnifica-una-exposicion-ambiciosa-para-el-33-encuentro-nacional-de-cofradias","status":"publish","type":"post","link":"https:\/\/pruebas.cursopracticoseo.com\/wordpress_o\/de-forma-magnifica-una-exposicion-ambiciosa-para-el-33-encuentro-nacional-de-cofradias\/","title":{"rendered":"\u00abDe forma magn\u00edfica\u00bb, una exposici\u00f3n ambiciosa para el 33 Encuentro Nacional de Cofrad\u00edas"},"content":{"rendered":"<p>El Museo Diocesano y de Semana Santa de Le\u00f3n acoger\u00e1, en el marco del 33 Encuentro Nacional de Cofrad\u00edas \u2013que tendr\u00e1 lugar en Le\u00f3n del 22 al 25 del pr\u00f3ximo mes septiembre\u2013, una ambiciosa exposici\u00f3n sobre nuestro patrimonio art\u00edstico semanasantero, principalmente propiedad de las penitenciales leonesas.<\/p>\n<p>Comisariada por los artistas leoneses Pablo Lanchares y Alejandro Grande, la muestra contar\u00e1 con obras de distinta \u00edndole \u2013imaginer\u00eda, pintura, orfebrer\u00eda\u2026\u2013 que, seleccionadas en base a distintos criterios \u2013importancia hist\u00f3rica, calidad t\u00e9cnica, singularidad est\u00e9tica y originalidad tem\u00e1tica\u2013, seguir\u00e1n un discurso tem\u00e1tico que abarcar\u00e1 aspectos como la Cruz, la Virgen Mar\u00eda o la obra gr\u00e1fica de autor, entre otros.<\/p>\n<p>Precisamente en la tarde-noche del jueves, 16 de junio, comisarios, miembros del comit\u00e9 organizador y representantes de las cofrad\u00edas se reunieron en el Museo para avanzar en la puesta en marcha de esta iniciativa.<\/p>\n","protected":false},"excerpt":{"rendered":"<p>El Museo Diocesano y de Semana Santa de Le\u00f3n acoger\u00e1, en el marco del 33 Encuentro Nacional de Cofrad\u00edas \u2013que tendr\u00e1 lugar en Le\u00f3n del 22 al 25 del pr\u00f3ximo mes septiembre\u2013, una ambiciosa exposici\u00f3n sobre nuestro patrimonio art\u00edstico semanasantero, principalmente propiedad de las penitenciales leonesas. Comisariada por los artistas leoneses Pablo Lanchares y Alejandro [&hellip;]<\/p>\n","protected":false},"author":1,"featured_media":0,"comment_status":"open","ping_status":"open","sticky":false,"template":"","format":"standard","meta":{"footnotes":""},"categories":[28],"tags":[],"class_list":["post-4579","post","type-post","status-publish","format-standard","hentry","category-historico"],"_links":{"self":[{"href":"https:\/\/pruebas.cursopracticoseo.com\/wordpress_o\/wp-json\/wp\/v2\/posts\/4579","targetHints":{"allow":["GET"]}}],"collection":[{"href":"https:\/\/pruebas.cursopracticoseo.com\/wordpress_o\/wp-json\/wp\/v2\/posts"}],"about":[{"href":"https:\/\/pruebas.cursopracticoseo.com\/wordpress_o\/wp-json\/wp\/v2\/types\/post"}],"author":[{"embeddable":true,"href":"https:\/\/pruebas.cursopracticoseo.com\/wordpress_o\/wp-json\/wp\/v2\/users\/1"}],"replies":[{"embeddable":true,"href":"https:\/\/pruebas.cursopracticoseo.com\/wordpress_o\/wp-json\/wp\/v2\/comments?post=4579"}],"version-history":[{"count":0,"href":"https:\/\/pruebas.cursopracticoseo.com\/wordpress_o\/wp-json\/wp\/v2\/posts\/4579\/revisions"}],"wp:attachment":[{"href":"https:\/\/pruebas.cursopracticoseo.com\/wordpress_o\/wp-json\/wp\/v2\/media?parent=4579"}],"wp:term":[{"taxonomy":"category","embeddable":true,"href":"https:\/\/pruebas.cursopracticoseo.com\/wordpress_o\/wp-json\/wp\/v2\/categories?post=4579"},{"taxonomy":"post_tag","embeddable":true,"href":"https:\/\/pruebas.cursopracticoseo.com\/wordpress_o\/wp-json\/wp\/v2\/tags?post=4579"}],"curies":[{"name":"wp","href":"https:\/\/api.w.org\/{rel}","templated":true}]}}