{"id":4578,"date":"2022-07-15T00:00:00","date_gmt":"2022-07-15T00:00:00","guid":{"rendered":"https:\/\/pruebas.cursopracticoseo.com\/wordpress_o\/fiestas-patronales-de-santa-marina\/"},"modified":"2022-07-15T00:00:00","modified_gmt":"2022-07-15T00:00:00","slug":"fiestas-patronales-de-santa-marina","status":"publish","type":"post","link":"https:\/\/pruebas.cursopracticoseo.com\/wordpress_o\/fiestas-patronales-de-santa-marina\/","title":{"rendered":"FIESTAS PATRONALES DE SANTA MARINA"},"content":{"rendered":"<p>Como cada a\u00f1o, el barrio y parroquia de Santa Marina la Real celebrar\u00e1 sus fiestas patronales, en las que la cofrad\u00eda del Santo Cristo del Desenclavo es parte organizadora de las mismas, al estar en la comisi\u00f3n que se encarga de su desarrollo, junto a otras entidades y asociaciones vinculadas al entorno de Santa Marina.<\/p>\n<p>Por ello, invitamos a participar en los distintos actos que se han propuesto, de los cuales se da debida informaci\u00f3n en los carteles que se adjuntan.<\/p>\n<p>El viernes 15 de julio comenzaremos con el enramado del Pelayo, el preg\u00f3n festivo, el reparto del mazap\u00e1n y la mistela, m\u00fasica en la calle y m\u00e1s actos.<\/p>\n<p>El s\u00e1bado 16 un recorrido po\u00e9tico medieval por las calles del barrio y m\u00fasica por la noche.<\/p>\n<p>El lunes 18, d\u00eda de la santa patrona, adem\u00e1s de la tradicional misa solemne, ofrenda floral por parte de la cofrad\u00eda y el acto de confraternizaci\u00f3n a su conclusi\u00f3n, habr\u00e1 teatro de calle en la Plaza Santo Martino.<\/p>\n<p>El viernes 22 y s\u00e1bado 23 se concluyen las fiestas con m\u00fasica en la calle.<\/p>\n<p>Os invitamos a participar<br \/>\n\u00a1VIVA SANTA MARINA!<\/p>\n","protected":false},"excerpt":{"rendered":"<p>Como cada a\u00f1o, el barrio y parroquia de Santa Marina la Real celebrar\u00e1 sus fiestas patronales, en las que la cofrad\u00eda del Santo Cristo del Desenclavo es parte organizadora de las mismas, al estar en la comisi\u00f3n que se encarga de su desarrollo, junto a otras entidades y asociaciones vinculadas al entorno de Santa Marina. [&hellip;]<\/p>\n","protected":false},"author":1,"featured_media":0,"comment_status":"open","ping_status":"open","sticky":false,"template":"","format":"standard","meta":{"footnotes":""},"categories":[28],"tags":[],"class_list":["post-4578","post","type-post","status-publish","format-standard","hentry","category-historico"],"_links":{"self":[{"href":"https:\/\/pruebas.cursopracticoseo.com\/wordpress_o\/wp-json\/wp\/v2\/posts\/4578","targetHints":{"allow":["GET"]}}],"collection":[{"href":"https:\/\/pruebas.cursopracticoseo.com\/wordpress_o\/wp-json\/wp\/v2\/posts"}],"about":[{"href":"https:\/\/pruebas.cursopracticoseo.com\/wordpress_o\/wp-json\/wp\/v2\/types\/post"}],"author":[{"embeddable":true,"href":"https:\/\/pruebas.cursopracticoseo.com\/wordpress_o\/wp-json\/wp\/v2\/users\/1"}],"replies":[{"embeddable":true,"href":"https:\/\/pruebas.cursopracticoseo.com\/wordpress_o\/wp-json\/wp\/v2\/comments?post=4578"}],"version-history":[{"count":0,"href":"https:\/\/pruebas.cursopracticoseo.com\/wordpress_o\/wp-json\/wp\/v2\/posts\/4578\/revisions"}],"wp:attachment":[{"href":"https:\/\/pruebas.cursopracticoseo.com\/wordpress_o\/wp-json\/wp\/v2\/media?parent=4578"}],"wp:term":[{"taxonomy":"category","embeddable":true,"href":"https:\/\/pruebas.cursopracticoseo.com\/wordpress_o\/wp-json\/wp\/v2\/categories?post=4578"},{"taxonomy":"post_tag","embeddable":true,"href":"https:\/\/pruebas.cursopracticoseo.com\/wordpress_o\/wp-json\/wp\/v2\/tags?post=4578"}],"curies":[{"name":"wp","href":"https:\/\/api.w.org\/{rel}","templated":true}]}}