{"id":4565,"date":"2022-10-28T00:00:00","date_gmt":"2022-10-28T00:00:00","guid":{"rendered":"https:\/\/pruebas.cursopracticoseo.com\/wordpress_o\/toma-de-posesion-de-la-cofradia-santo-cristo-de-la-bienaventuranza\/"},"modified":"2022-10-28T00:00:00","modified_gmt":"2022-10-28T00:00:00","slug":"toma-de-posesion-de-la-cofradia-santo-cristo-de-la-bienaventuranza","status":"publish","type":"post","link":"https:\/\/pruebas.cursopracticoseo.com\/wordpress_o\/toma-de-posesion-de-la-cofradia-santo-cristo-de-la-bienaventuranza\/","title":{"rendered":"TOMA DE POSESI\u00d3N DE LA COFRAD\u00cdA SANTO CRISTO DE LA BIENAVENTURANZA"},"content":{"rendered":"<p>El pr\u00f3ximo domingo 30 de octubre, coincidiendo con la festividad de San Claudio, la Cofrad\u00eda del Santo Cristo de la Bienaventuranza celebrar\u00e1, en la parroquia de San Claudio, la toma de posesi\u00f3n. Tendr\u00e1 lugar durante la Eucarist\u00eda que se celebrar\u00e1 a las 12:00 horas.<\/p>\n<p>Tomar\u00e1 posesi\u00f3n como abadesa, para el bienio 2023-2025, la hermana Milagros Blanco Fern\u00e1ndez, quien fue dada de alta en la Cofrad\u00eda en el a\u00f1o 1994.<\/p>\n<p>Nacida en el barrio de San Claudio, en el a\u00f1o 1993, y a pesar de no ser a\u00fan hermana de la Cofrad\u00eda, ya ensayaba con su banda. Perteneci\u00f3 a ella hasta septiembre del a\u00f1o 2000.<\/p>\n<p>En el a\u00f1o 2001, se apunta y empieza a salir como bracera de la Virgen de la Pasi\u00f3n, siendo una de las primeras integrantes de su grupo de camareras. Con el cambio de imagen a Mar\u00eda Sant\u00edsima de la Misericordia, sigue perteneciendo al grupo de braceras.<\/p>\n<p>En el a\u00f1o 2019 entra a formar parte de la Junta de Gobierno de la Cofrad\u00eda, siendo Vocal su primer a\u00f1o, y desde entonces paso a ser Seise de la Santa Cruz.<\/p>\n","protected":false},"excerpt":{"rendered":"<p>El pr\u00f3ximo domingo 30 de octubre, coincidiendo con la festividad de San Claudio, la Cofrad\u00eda del Santo Cristo de la Bienaventuranza celebrar\u00e1, en la parroquia de San Claudio, la toma de posesi\u00f3n. Tendr\u00e1 lugar durante la Eucarist\u00eda que se celebrar\u00e1 a las 12:00 horas. Tomar\u00e1 posesi\u00f3n como abadesa, para el bienio 2023-2025, la hermana Milagros [&hellip;]<\/p>\n","protected":false},"author":1,"featured_media":0,"comment_status":"open","ping_status":"open","sticky":false,"template":"","format":"standard","meta":{"footnotes":""},"categories":[28],"tags":[],"class_list":["post-4565","post","type-post","status-publish","format-standard","hentry","category-historico"],"_links":{"self":[{"href":"https:\/\/pruebas.cursopracticoseo.com\/wordpress_o\/wp-json\/wp\/v2\/posts\/4565","targetHints":{"allow":["GET"]}}],"collection":[{"href":"https:\/\/pruebas.cursopracticoseo.com\/wordpress_o\/wp-json\/wp\/v2\/posts"}],"about":[{"href":"https:\/\/pruebas.cursopracticoseo.com\/wordpress_o\/wp-json\/wp\/v2\/types\/post"}],"author":[{"embeddable":true,"href":"https:\/\/pruebas.cursopracticoseo.com\/wordpress_o\/wp-json\/wp\/v2\/users\/1"}],"replies":[{"embeddable":true,"href":"https:\/\/pruebas.cursopracticoseo.com\/wordpress_o\/wp-json\/wp\/v2\/comments?post=4565"}],"version-history":[{"count":0,"href":"https:\/\/pruebas.cursopracticoseo.com\/wordpress_o\/wp-json\/wp\/v2\/posts\/4565\/revisions"}],"wp:attachment":[{"href":"https:\/\/pruebas.cursopracticoseo.com\/wordpress_o\/wp-json\/wp\/v2\/media?parent=4565"}],"wp:term":[{"taxonomy":"category","embeddable":true,"href":"https:\/\/pruebas.cursopracticoseo.com\/wordpress_o\/wp-json\/wp\/v2\/categories?post=4565"},{"taxonomy":"post_tag","embeddable":true,"href":"https:\/\/pruebas.cursopracticoseo.com\/wordpress_o\/wp-json\/wp\/v2\/tags?post=4565"}],"curies":[{"name":"wp","href":"https:\/\/api.w.org\/{rel}","templated":true}]}}