{"id":4561,"date":"2022-12-02T00:00:00","date_gmt":"2022-12-02T00:00:00","guid":{"rendered":"https:\/\/pruebas.cursopracticoseo.com\/wordpress_o\/eucaristia-por-la-fundacion-cofradia-santo-cristo-del-perdon-y-por-fallecimiento-angel-benavente-valencia-fundador-de-la-cofradia\/"},"modified":"2022-12-02T00:00:00","modified_gmt":"2022-12-02T00:00:00","slug":"eucaristia-por-la-fundacion-cofradia-santo-cristo-del-perdon-y-por-fallecimiento-angel-benavente-valencia-fundador-de-la-cofradia","status":"publish","type":"post","link":"https:\/\/pruebas.cursopracticoseo.com\/wordpress_o\/eucaristia-por-la-fundacion-cofradia-santo-cristo-del-perdon-y-por-fallecimiento-angel-benavente-valencia-fundador-de-la-cofradia\/","title":{"rendered":"EUCARISTIA POR LA FUNDACI\u00d3N COFRAD\u00cdA SANTO CRISTO DEL PERDON Y POR FALLECIMIENTO ANGEL BENAVENTE VALENCIA FUNDADOR DE LA COFRAD\u00cdA"},"content":{"rendered":"<p>A las 19:45 horas del s\u00e1bado d\u00eda 3 de diciembre de 2022, en la Iglesia de la Parroquia de San Francisco de la Vega, se celebrar\u00e1 una Eucarist\u00eda por el aniversario de la fundaci\u00f3n de la Cofrad\u00eda Santo Cristo del Perd\u00f3n, este a\u00f1o de manera muy especial, estar\u00e1 ofrecida por el eterno descanso del recientemente fallecido D. ANGEL BENAVENTE VALENCIA (1923-2022), Abad Fundador de la citada Cofrad\u00eda y alma mater del legado cofrade que hasta hoy han recibido los hermanos y hermanas de esta penitencial leonesa, con el lema  que llev\u00f3 a gala a lo largo de su vida, \u201cHumildad y Caridad\u201d.<\/p>\n<p>Su profesi\u00f3n lo llev\u00f3 a Barcelona por el a\u00f1o 1970, pero siempre se mantuvo pendiente del desarrollo y vida de la Cofrad\u00eda, acudiendo a Le\u00f3n para acompa\u00f1ar a su Cristo del Perd\u00f3n como un hermano m\u00e1s cada Martes Santo, hasta que su salud se lo permiti\u00f3.<\/p>\n","protected":false},"excerpt":{"rendered":"<p>A las 19:45 horas del s\u00e1bado d\u00eda 3 de diciembre de 2022, en la Iglesia de la Parroquia de San Francisco de la Vega, se celebrar\u00e1 una Eucarist\u00eda por el aniversario de la fundaci\u00f3n de la Cofrad\u00eda Santo Cristo del Perd\u00f3n, este a\u00f1o de manera muy especial, estar\u00e1 ofrecida por el eterno descanso del recientemente [&hellip;]<\/p>\n","protected":false},"author":1,"featured_media":0,"comment_status":"open","ping_status":"open","sticky":false,"template":"","format":"standard","meta":{"footnotes":""},"categories":[28],"tags":[],"class_list":["post-4561","post","type-post","status-publish","format-standard","hentry","category-historico"],"_links":{"self":[{"href":"https:\/\/pruebas.cursopracticoseo.com\/wordpress_o\/wp-json\/wp\/v2\/posts\/4561","targetHints":{"allow":["GET"]}}],"collection":[{"href":"https:\/\/pruebas.cursopracticoseo.com\/wordpress_o\/wp-json\/wp\/v2\/posts"}],"about":[{"href":"https:\/\/pruebas.cursopracticoseo.com\/wordpress_o\/wp-json\/wp\/v2\/types\/post"}],"author":[{"embeddable":true,"href":"https:\/\/pruebas.cursopracticoseo.com\/wordpress_o\/wp-json\/wp\/v2\/users\/1"}],"replies":[{"embeddable":true,"href":"https:\/\/pruebas.cursopracticoseo.com\/wordpress_o\/wp-json\/wp\/v2\/comments?post=4561"}],"version-history":[{"count":0,"href":"https:\/\/pruebas.cursopracticoseo.com\/wordpress_o\/wp-json\/wp\/v2\/posts\/4561\/revisions"}],"wp:attachment":[{"href":"https:\/\/pruebas.cursopracticoseo.com\/wordpress_o\/wp-json\/wp\/v2\/media?parent=4561"}],"wp:term":[{"taxonomy":"category","embeddable":true,"href":"https:\/\/pruebas.cursopracticoseo.com\/wordpress_o\/wp-json\/wp\/v2\/categories?post=4561"},{"taxonomy":"post_tag","embeddable":true,"href":"https:\/\/pruebas.cursopracticoseo.com\/wordpress_o\/wp-json\/wp\/v2\/tags?post=4561"}],"curies":[{"name":"wp","href":"https:\/\/api.w.org\/{rel}","templated":true}]}}