{"id":4558,"date":"2022-12-14T00:00:00","date_gmt":"2022-12-14T00:00:00","guid":{"rendered":"https:\/\/pruebas.cursopracticoseo.com\/wordpress_o\/celebracion-solemen-triduo-de-adviento-en-honor-a-la-madre-de-la-paz\/"},"modified":"2022-12-14T00:00:00","modified_gmt":"2022-12-14T00:00:00","slug":"celebracion-solemen-triduo-de-adviento-en-honor-a-la-madre-de-la-paz","status":"publish","type":"post","link":"https:\/\/pruebas.cursopracticoseo.com\/wordpress_o\/celebracion-solemen-triduo-de-adviento-en-honor-a-la-madre-de-la-paz\/","title":{"rendered":"CELEBRACI\u00d3N SOLEMEN TRIDUO DE ADVIENTO EN HONOR A LA MADRE DE LA PAZ"},"content":{"rendered":"<p>Los pr\u00f3ximos d\u00edas 15, 16 17 de diciembre, a las 19:00 horas, en la Iglesia Parroquial de San Francisco de la Vega, se celebrar\u00e1 un SOLEMNE TRIDUO DE ADVIENTO, en honor a la Madre de la Paz.<\/p>\n<p>El Mundo necesita Paz, no solo en los pa\u00edses donde hay guerra y conflictos armados, que desgraciadamente son muchos, tambi\u00e9n necesitamos paz en nuestro pa\u00eds y nuestro entorno.<\/p>\n<p>El d\u00eda 15 est\u00e1 dedicado a Mar\u00eda como Madre, celebraremos la Eucarist\u00eda sinti\u00e9ndonos hijos, incluso ni\u00f1os, en el regazo de su Madre, durante la misma contaremos con la colaboraci\u00f3n del Orfe\u00f3n Leones.<\/p>\n<p>El d\u00eda 16, resaltaremos la Paz nacida de Mar\u00eda, siendo el centro y objetivo de este Triduo, rezar por la paz en todo el mundo, que por lo menos, puedan celebrarse las pr\u00f3ximas Navidades en paz, durante la Eucarist\u00eda contaremos con la colaboraci\u00f3n de Carlos Ropero Prieto.<\/p>\n<p>El d\u00eda 17 lo dedicaremos a la Esperanza, descubramos y tengamos nuestra verdadera esperanza, durante la Eucarist\u00eda contaremos con la colaboraci\u00f3n de Daniela Garc\u00eda Ca\u00f1\u00f3n.<\/p>\n","protected":false},"excerpt":{"rendered":"<p>Los pr\u00f3ximos d\u00edas 15, 16 17 de diciembre, a las 19:00 horas, en la Iglesia Parroquial de San Francisco de la Vega, se celebrar\u00e1 un SOLEMNE TRIDUO DE ADVIENTO, en honor a la Madre de la Paz. El Mundo necesita Paz, no solo en los pa\u00edses donde hay guerra y conflictos armados, que desgraciadamente son [&hellip;]<\/p>\n","protected":false},"author":1,"featured_media":0,"comment_status":"open","ping_status":"open","sticky":false,"template":"","format":"standard","meta":{"footnotes":""},"categories":[28],"tags":[],"class_list":["post-4558","post","type-post","status-publish","format-standard","hentry","category-historico"],"_links":{"self":[{"href":"https:\/\/pruebas.cursopracticoseo.com\/wordpress_o\/wp-json\/wp\/v2\/posts\/4558","targetHints":{"allow":["GET"]}}],"collection":[{"href":"https:\/\/pruebas.cursopracticoseo.com\/wordpress_o\/wp-json\/wp\/v2\/posts"}],"about":[{"href":"https:\/\/pruebas.cursopracticoseo.com\/wordpress_o\/wp-json\/wp\/v2\/types\/post"}],"author":[{"embeddable":true,"href":"https:\/\/pruebas.cursopracticoseo.com\/wordpress_o\/wp-json\/wp\/v2\/users\/1"}],"replies":[{"embeddable":true,"href":"https:\/\/pruebas.cursopracticoseo.com\/wordpress_o\/wp-json\/wp\/v2\/comments?post=4558"}],"version-history":[{"count":0,"href":"https:\/\/pruebas.cursopracticoseo.com\/wordpress_o\/wp-json\/wp\/v2\/posts\/4558\/revisions"}],"wp:attachment":[{"href":"https:\/\/pruebas.cursopracticoseo.com\/wordpress_o\/wp-json\/wp\/v2\/media?parent=4558"}],"wp:term":[{"taxonomy":"category","embeddable":true,"href":"https:\/\/pruebas.cursopracticoseo.com\/wordpress_o\/wp-json\/wp\/v2\/categories?post=4558"},{"taxonomy":"post_tag","embeddable":true,"href":"https:\/\/pruebas.cursopracticoseo.com\/wordpress_o\/wp-json\/wp\/v2\/tags?post=4558"}],"curies":[{"name":"wp","href":"https:\/\/api.w.org\/{rel}","templated":true}]}}