{"id":4556,"date":"2022-12-19T00:00:00","date_gmt":"2022-12-19T00:00:00","guid":{"rendered":"https:\/\/pruebas.cursopracticoseo.com\/wordpress_o\/junta-general-extraordinaria-dulce-nombre-de-jesus-nazareno\/"},"modified":"2022-12-19T00:00:00","modified_gmt":"2022-12-19T00:00:00","slug":"junta-general-extraordinaria-dulce-nombre-de-jesus-nazareno","status":"publish","type":"post","link":"https:\/\/pruebas.cursopracticoseo.com\/wordpress_o\/junta-general-extraordinaria-dulce-nombre-de-jesus-nazareno\/","title":{"rendered":"JUNTA GENERAL EXTRAORDINARIA DULCE NOMBRE DE JES\u00daS NAZARENO"},"content":{"rendered":"<p>La Junta de Seises de la Cofrad\u00eda del Dulce Nombre de Jes\u00fas Nazareno ha decidido por unanimidad de sus miembros convocar Junta General Extraordinaria de hermanos en la que se decidir\u00e1 el formato por medio del cual se desarrollar\u00e1 el acto de \u201cEl Encuentro\u201d que se celebra durante la Procesi\u00f3n de los Pasos que la Cofrad\u00eda organiza cada Viernes Santo.<\/p>\n<p>La Junta General Extraordinaria se celebrar\u00e1 el s\u00e1bado d\u00eda 7 de enero de 2023, a las 11.00 horas, en el Palacio de Exposiciones y Congresos de Le\u00f3n.<\/p>\n<p>La misma contar\u00e1 con un \u00fanico punto del orden del d\u00eda, denominado \u201cpropuesta y aprobaci\u00f3n del formato a desarrollar para la celebraci\u00f3n del acto de El Encuentro\u201d. El Abad de la Cofrad\u00eda, hno. Juan Mu\u00f1iz Garc\u00eda, expondr\u00e1 a los hermanos las diferentes opciones para el desarrollo del acto aludido.<\/p>\n<p>Una vez concluida la exposici\u00f3n, se dispondr\u00e1n dos mesas con sendas urnas para que los hermanos con derecho a voto puedan depositar el suyo. Para facilitar la posibilidad de votar al mayor n\u00famero de hermanos posible, las urnas se encontrar\u00e1n abiertas desde la finalizaci\u00f3n de la Junta General Extraordinaria, hasta las 14.00 horas del mismo d\u00eda 7 de enero.<\/p>\n<p>El recuento se efectuar\u00e1 a partir de las 14.00 horas y el resultado de la votaci\u00f3n ser\u00e1 comunicado por los canales oficiales de la Cofrad\u00eda (p\u00e1gina web y redes sociales) durante el mismo d\u00eda 7 de enero.<\/p>\n","protected":false},"excerpt":{"rendered":"<p>La Junta de Seises de la Cofrad\u00eda del Dulce Nombre de Jes\u00fas Nazareno ha decidido por unanimidad de sus miembros convocar Junta General Extraordinaria de hermanos en la que se decidir\u00e1 el formato por medio del cual se desarrollar\u00e1 el acto de \u201cEl Encuentro\u201d que se celebra durante la Procesi\u00f3n de los Pasos que la [&hellip;]<\/p>\n","protected":false},"author":1,"featured_media":0,"comment_status":"open","ping_status":"open","sticky":false,"template":"","format":"standard","meta":{"footnotes":""},"categories":[28],"tags":[],"class_list":["post-4556","post","type-post","status-publish","format-standard","hentry","category-historico"],"_links":{"self":[{"href":"https:\/\/pruebas.cursopracticoseo.com\/wordpress_o\/wp-json\/wp\/v2\/posts\/4556","targetHints":{"allow":["GET"]}}],"collection":[{"href":"https:\/\/pruebas.cursopracticoseo.com\/wordpress_o\/wp-json\/wp\/v2\/posts"}],"about":[{"href":"https:\/\/pruebas.cursopracticoseo.com\/wordpress_o\/wp-json\/wp\/v2\/types\/post"}],"author":[{"embeddable":true,"href":"https:\/\/pruebas.cursopracticoseo.com\/wordpress_o\/wp-json\/wp\/v2\/users\/1"}],"replies":[{"embeddable":true,"href":"https:\/\/pruebas.cursopracticoseo.com\/wordpress_o\/wp-json\/wp\/v2\/comments?post=4556"}],"version-history":[{"count":0,"href":"https:\/\/pruebas.cursopracticoseo.com\/wordpress_o\/wp-json\/wp\/v2\/posts\/4556\/revisions"}],"wp:attachment":[{"href":"https:\/\/pruebas.cursopracticoseo.com\/wordpress_o\/wp-json\/wp\/v2\/media?parent=4556"}],"wp:term":[{"taxonomy":"category","embeddable":true,"href":"https:\/\/pruebas.cursopracticoseo.com\/wordpress_o\/wp-json\/wp\/v2\/categories?post=4556"},{"taxonomy":"post_tag","embeddable":true,"href":"https:\/\/pruebas.cursopracticoseo.com\/wordpress_o\/wp-json\/wp\/v2\/tags?post=4556"}],"curies":[{"name":"wp","href":"https:\/\/api.w.org\/{rel}","templated":true}]}}