{"id":4550,"date":"2023-01-23T00:00:00","date_gmt":"2023-01-23T00:00:00","guid":{"rendered":"https:\/\/pruebas.cursopracticoseo.com\/wordpress_o\/cesar-garcia-alvarez-historia-iconografica-de-la-piedad\/"},"modified":"2023-01-23T00:00:00","modified_gmt":"2023-01-23T00:00:00","slug":"cesar-garcia-alvarez-historia-iconografica-de-la-piedad","status":"publish","type":"post","link":"https:\/\/pruebas.cursopracticoseo.com\/wordpress_o\/cesar-garcia-alvarez-historia-iconografica-de-la-piedad\/","title":{"rendered":"C\u00c9SAR GARC\u00cdA \u00c1LVAREZ. HISTORIA ICONOGR\u00c1FICA DE LA PIEDAD."},"content":{"rendered":"<p>La Cofrad\u00eda del Santo Cristo de la Bienaventuranza de Le\u00f3n celebraba, el pasado lunes, 16 de enero, la tercera charla del plan de formaci\u00f3n cofrade \u201cSin perder el paso 2022.-2023\u201d. El ponente fue C\u00e9sar Garc\u00eda \u00c1lvarez, profesor titular de Historia del Arte de la Universidad de Le\u00f3n.<\/p>\n<p>En su exposici\u00f3n, bajo el t\u00edtulo \u201cHistoria iconogr\u00e1fica de la Piedad\u201d, Miguel hizo un recorrido por las diferentes caracter\u00edsticas iconogr\u00e1ficas que ha sufrido la imagen de la Piedad.<\/p>\n<p>Comenta que, en los inicios de esta iconograf\u00eda, se pod\u00eda contemplar una imagen de un Cristo calav\u00e9rico, deformado. M\u00e1s adelante se lleg\u00f3 a la idea de que no era necesario que las v\u00edrgenes llegasen a esos rasgos de dolor, y es cuando se empieza a dulcificar su rostro, y sus vestimentas comienzan a cobrar m\u00e1s protagonismo. Es en ese momento, cuando los pa\u00f1os de la virgen cubren la desnudez de los cristos.<\/p>\n<p>C\u00e9sar habl\u00f3 tambi\u00e9n sobre Nuestra Madre de la Piedad, propiedad de la Cofrad\u00eda, y coment\u00f3 que guarda ciertos rasgos de una recuperaci\u00f3n pl\u00e1stica, contraria a la vertiente de la Piedad de Miguel \u00c1ngel. Opinaba que es una imagen bastante caracter\u00edstica entre las representaciones de la iconograf\u00eda de la Piedad.<\/p>\n<p>Finalizaba la sesi\u00f3n exponiendo la majestuosidad de la Virgen del Mercado, obra de un gran valor, y de la cual se desconocen muchas cosas.<\/p>\n","protected":false},"excerpt":{"rendered":"<p>La Cofrad\u00eda del Santo Cristo de la Bienaventuranza de Le\u00f3n celebraba, el pasado lunes, 16 de enero, la tercera charla del plan de formaci\u00f3n cofrade \u201cSin perder el paso 2022.-2023\u201d. El ponente fue C\u00e9sar Garc\u00eda \u00c1lvarez, profesor titular de Historia del Arte de la Universidad de Le\u00f3n. En su exposici\u00f3n, bajo el t\u00edtulo \u201cHistoria iconogr\u00e1fica [&hellip;]<\/p>\n","protected":false},"author":1,"featured_media":0,"comment_status":"open","ping_status":"open","sticky":false,"template":"","format":"standard","meta":{"footnotes":""},"categories":[28],"tags":[],"class_list":["post-4550","post","type-post","status-publish","format-standard","hentry","category-historico"],"_links":{"self":[{"href":"https:\/\/pruebas.cursopracticoseo.com\/wordpress_o\/wp-json\/wp\/v2\/posts\/4550","targetHints":{"allow":["GET"]}}],"collection":[{"href":"https:\/\/pruebas.cursopracticoseo.com\/wordpress_o\/wp-json\/wp\/v2\/posts"}],"about":[{"href":"https:\/\/pruebas.cursopracticoseo.com\/wordpress_o\/wp-json\/wp\/v2\/types\/post"}],"author":[{"embeddable":true,"href":"https:\/\/pruebas.cursopracticoseo.com\/wordpress_o\/wp-json\/wp\/v2\/users\/1"}],"replies":[{"embeddable":true,"href":"https:\/\/pruebas.cursopracticoseo.com\/wordpress_o\/wp-json\/wp\/v2\/comments?post=4550"}],"version-history":[{"count":0,"href":"https:\/\/pruebas.cursopracticoseo.com\/wordpress_o\/wp-json\/wp\/v2\/posts\/4550\/revisions"}],"wp:attachment":[{"href":"https:\/\/pruebas.cursopracticoseo.com\/wordpress_o\/wp-json\/wp\/v2\/media?parent=4550"}],"wp:term":[{"taxonomy":"category","embeddable":true,"href":"https:\/\/pruebas.cursopracticoseo.com\/wordpress_o\/wp-json\/wp\/v2\/categories?post=4550"},{"taxonomy":"post_tag","embeddable":true,"href":"https:\/\/pruebas.cursopracticoseo.com\/wordpress_o\/wp-json\/wp\/v2\/tags?post=4550"}],"curies":[{"name":"wp","href":"https:\/\/api.w.org\/{rel}","templated":true}]}}