{"id":4544,"date":"2023-02-24T00:00:00","date_gmt":"2023-02-24T00:00:00","guid":{"rendered":"https:\/\/pruebas.cursopracticoseo.com\/wordpress_o\/iv-concierto-benefico-sones-de-cuaresma\/"},"modified":"2023-02-24T00:00:00","modified_gmt":"2023-02-24T00:00:00","slug":"iv-concierto-benefico-sones-de-cuaresma","status":"publish","type":"post","link":"https:\/\/pruebas.cursopracticoseo.com\/wordpress_o\/iv-concierto-benefico-sones-de-cuaresma\/","title":{"rendered":"IV CONCIERTO BEN\u00c9FICO \u00abSONES DE CUARESMA\u00bb"},"content":{"rendered":"<p>La Real Hermandad de Jes\u00fas Divino Obrero ha presentado su IV Concierto Ben\u00e9fico \u201cSones de Cuaresma\u201d.<\/p>\n<p>En esta edici\u00f3n la recaudaci\u00f3n ser\u00e1 destinada a la lucha contra la enfermedad de la ELA (Esclerosis Lateral Amiotr\u00f3fica), a trav\u00e9s del convenio suscrito por parte de la penitencial con ELACYL. La entrada tendr\u00e1 como coste el donativo de 2\u20ac y se podr\u00e1n adquirir en el acceso al concierto.<\/p>\n<p>Ser\u00e1 este domingo 26 de febrero a las 18:30 (apertura de puertas 18:00) en la Iglesia Parroquial de Jes\u00fas Divino Obrero cuando tres de las agrupaciones musicales m\u00e1s representativas de la Semana Santa de Le\u00f3n se unir\u00e1n por esta causa.<\/p>\n<p>A.M. de la Cofrad\u00eda Cristo del Gran Poder, A.M. de la Cofrad\u00eda Santo Cristo de la Bienaventuranza y la A.M. de la Real Hermandad de Jes\u00fas Divino Obrero pondr\u00e1n su m\u00fasica para ayudar la lucha contra esta enfermedad.<\/p>\n<p>Adem\u00e1s la penitencial de blanco y morado ha habilitado una Fila 0 para aquellas personas que no puedan acudir y quieran colaborar con la causa. Fila 0: ES25 2100 1532 7602 0009 0070<\/p>\n","protected":false},"excerpt":{"rendered":"<p>La Real Hermandad de Jes\u00fas Divino Obrero ha presentado su IV Concierto Ben\u00e9fico \u201cSones de Cuaresma\u201d. En esta edici\u00f3n la recaudaci\u00f3n ser\u00e1 destinada a la lucha contra la enfermedad de la ELA (Esclerosis Lateral Amiotr\u00f3fica), a trav\u00e9s del convenio suscrito por parte de la penitencial con ELACYL. La entrada tendr\u00e1 como coste el donativo de [&hellip;]<\/p>\n","protected":false},"author":1,"featured_media":0,"comment_status":"open","ping_status":"open","sticky":false,"template":"","format":"standard","meta":{"footnotes":""},"categories":[28],"tags":[],"class_list":["post-4544","post","type-post","status-publish","format-standard","hentry","category-historico"],"_links":{"self":[{"href":"https:\/\/pruebas.cursopracticoseo.com\/wordpress_o\/wp-json\/wp\/v2\/posts\/4544","targetHints":{"allow":["GET"]}}],"collection":[{"href":"https:\/\/pruebas.cursopracticoseo.com\/wordpress_o\/wp-json\/wp\/v2\/posts"}],"about":[{"href":"https:\/\/pruebas.cursopracticoseo.com\/wordpress_o\/wp-json\/wp\/v2\/types\/post"}],"author":[{"embeddable":true,"href":"https:\/\/pruebas.cursopracticoseo.com\/wordpress_o\/wp-json\/wp\/v2\/users\/1"}],"replies":[{"embeddable":true,"href":"https:\/\/pruebas.cursopracticoseo.com\/wordpress_o\/wp-json\/wp\/v2\/comments?post=4544"}],"version-history":[{"count":0,"href":"https:\/\/pruebas.cursopracticoseo.com\/wordpress_o\/wp-json\/wp\/v2\/posts\/4544\/revisions"}],"wp:attachment":[{"href":"https:\/\/pruebas.cursopracticoseo.com\/wordpress_o\/wp-json\/wp\/v2\/media?parent=4544"}],"wp:term":[{"taxonomy":"category","embeddable":true,"href":"https:\/\/pruebas.cursopracticoseo.com\/wordpress_o\/wp-json\/wp\/v2\/categories?post=4544"},{"taxonomy":"post_tag","embeddable":true,"href":"https:\/\/pruebas.cursopracticoseo.com\/wordpress_o\/wp-json\/wp\/v2\/tags?post=4544"}],"curies":[{"name":"wp","href":"https:\/\/api.w.org\/{rel}","templated":true}]}}