{"id":4540,"date":"2023-03-15T00:00:00","date_gmt":"2023-03-15T00:00:00","guid":{"rendered":"https:\/\/pruebas.cursopracticoseo.com\/wordpress_o\/cofradia-santo-cristo-del-perdon-ix-jornadas-culturales\/"},"modified":"2023-03-15T00:00:00","modified_gmt":"2023-03-15T00:00:00","slug":"cofradia-santo-cristo-del-perdon-ix-jornadas-culturales","status":"publish","type":"post","link":"https:\/\/pruebas.cursopracticoseo.com\/wordpress_o\/cofradia-santo-cristo-del-perdon-ix-jornadas-culturales\/","title":{"rendered":"COFRAD\u00cdA SANTO CRISTO DEL PERD\u00d3N &#8211; IX JORNADAS CULTURALES"},"content":{"rendered":"<p>Del d\u00eda 15 al 19 de marzo de 2023, en el Museo Diocesano y de Semana Santa de Le\u00f3n, la Cofrad\u00eda Santo Cristo del Perd\u00f3n, Con motivo del XXV aniversario de la recuperaci\u00f3n del Acto del Perd\u00f3n y la puesta a hombros de los pasos del Cristo del Perd\u00f3n y de la Madre de la Paz, este a\u00f1o, las Jornadas Culturales tendr\u00e1n las siguientes actividades:<\/p>\n<p>El mi\u00e9rcoles, 15 de marzo, a las 19:30 horas, se inaugurar\u00e1n las Jornadas con una exposici\u00f3n fotogr\u00e1fica bajo el t\u00edtulo \u201cPasi\u00f3n y Gloria\u201d XXV A\u00f1os en el recuerdo y que se podr\u00e1 visitar hasta la clausura de las Jornadas. (Horario de 18:00 h a 21:00 h)<\/p>\n<p>Ese mismo d\u00eda, a las 20:00 horas, el Orfe\u00f3n Leones ofrecer\u00e1 un concierto coral.<\/p>\n<p>El jueves, 16 de marzo, a las 20:00 horas, se realizar\u00e1 una Mesa Redonda \u201cEvoluci\u00f3n de la Cofrad\u00eda del Perd\u00f3n\u201d en los \u00faltimos 25 a\u00f1os.<\/p>\n<p>El viernes, 17 de marzo, a las 19:30 horas, tendr\u00e1 lugar una Proyecci\u00f3n del Diaporama \u201cPasi\u00f3n y Gloria\u201d a cargo del fot\u00f3grafo leones D. Mois\u00e9s Garc\u00eda Mart\u00ednez.<\/p>\n<p>Al finalizar la proyecci\u00f3n, a las 20:00 horas, se desarrollar\u00e1 una Mesa Redonda sobre \u201cEvoluci\u00f3n de la fotograf\u00eda cofrade en la Semana Santa Leonesa en los \u00faltimos 25 a\u00f1os\u201d.<\/p>\n<p>El s\u00e1bado, 18 de marzo, a las 13:00 horas, se realizar\u00e1 una Mesa Redonda sobre \u201cLa actividad penitenciaria de las cofrad\u00edas que promueven indultos\u201d.<\/p>\n<p>El domingo, 19 de marzo, a las 13:00 horas, tendr\u00e1 lugar el concierto de clausura de estas Jornadas, a cargo de la Banda de la Escuela de M\u00fasica Santo Cristo de Perd\u00f3n de Le\u00f3n.<\/p>\n","protected":false},"excerpt":{"rendered":"<p>Del d\u00eda 15 al 19 de marzo de 2023, en el Museo Diocesano y de Semana Santa de Le\u00f3n, la Cofrad\u00eda Santo Cristo del Perd\u00f3n, Con motivo del XXV aniversario de la recuperaci\u00f3n del Acto del Perd\u00f3n y la puesta a hombros de los pasos del Cristo del Perd\u00f3n y de la Madre de la [&hellip;]<\/p>\n","protected":false},"author":1,"featured_media":0,"comment_status":"open","ping_status":"open","sticky":false,"template":"","format":"standard","meta":{"footnotes":""},"categories":[28],"tags":[],"class_list":["post-4540","post","type-post","status-publish","format-standard","hentry","category-historico"],"_links":{"self":[{"href":"https:\/\/pruebas.cursopracticoseo.com\/wordpress_o\/wp-json\/wp\/v2\/posts\/4540","targetHints":{"allow":["GET"]}}],"collection":[{"href":"https:\/\/pruebas.cursopracticoseo.com\/wordpress_o\/wp-json\/wp\/v2\/posts"}],"about":[{"href":"https:\/\/pruebas.cursopracticoseo.com\/wordpress_o\/wp-json\/wp\/v2\/types\/post"}],"author":[{"embeddable":true,"href":"https:\/\/pruebas.cursopracticoseo.com\/wordpress_o\/wp-json\/wp\/v2\/users\/1"}],"replies":[{"embeddable":true,"href":"https:\/\/pruebas.cursopracticoseo.com\/wordpress_o\/wp-json\/wp\/v2\/comments?post=4540"}],"version-history":[{"count":0,"href":"https:\/\/pruebas.cursopracticoseo.com\/wordpress_o\/wp-json\/wp\/v2\/posts\/4540\/revisions"}],"wp:attachment":[{"href":"https:\/\/pruebas.cursopracticoseo.com\/wordpress_o\/wp-json\/wp\/v2\/media?parent=4540"}],"wp:term":[{"taxonomy":"category","embeddable":true,"href":"https:\/\/pruebas.cursopracticoseo.com\/wordpress_o\/wp-json\/wp\/v2\/categories?post=4540"},{"taxonomy":"post_tag","embeddable":true,"href":"https:\/\/pruebas.cursopracticoseo.com\/wordpress_o\/wp-json\/wp\/v2\/tags?post=4540"}],"curies":[{"name":"wp","href":"https:\/\/api.w.org\/{rel}","templated":true}]}}