{"id":4532,"date":"2023-06-01T00:00:00","date_gmt":"2023-06-01T00:00:00","guid":{"rendered":"https:\/\/pruebas.cursopracticoseo.com\/wordpress_o\/toma-de-posesion-abad-y-dos-seises-de-la-cofradia-santo-cristo-del-perdon\/"},"modified":"2023-06-01T00:00:00","modified_gmt":"2023-06-01T00:00:00","slug":"toma-de-posesion-abad-y-dos-seises-de-la-cofradia-santo-cristo-del-perdon","status":"publish","type":"post","link":"https:\/\/pruebas.cursopracticoseo.com\/wordpress_o\/toma-de-posesion-abad-y-dos-seises-de-la-cofradia-santo-cristo-del-perdon\/","title":{"rendered":"TOMA DE POSESI\u00d3N ABAD Y DOS SEISES DE LA COFRAD\u00cdA SANTO CRISTO DEL PERD\u00d3N"},"content":{"rendered":"<p>El pr\u00f3ximo d\u00eda 03 de junio, a las 20:00 horas, en la Iglesia Parroquial de San Francisco de la Vega, en la celebraci\u00f3n de la Eucarist\u00eda, se proceder\u00e1 al acto de Toma de Posesi\u00f3n del cargo de Abad de la Cofrad\u00eda Santo Cristo del Perd\u00f3n para el bienio 2023-2025 del actual Abad Jos\u00e9 Mar\u00eda URDIALES PUENTE. En este mismo acto, tomar\u00e1n posesi\u00f3n como nuevos Seises de la Cofrad\u00eda, los hermanos, Mara PERAL MART\u00cdNEZ y Jos\u00e9 Miguel TIJERA GARC\u00cdA, que recibir\u00e1n el atributo que les acredita como Seises de la Cofrad\u00eda.<\/p>\n","protected":false},"excerpt":{"rendered":"<p>El pr\u00f3ximo d\u00eda 03 de junio, a las 20:00 horas, en la Iglesia Parroquial de San Francisco de la Vega, en la celebraci\u00f3n de la Eucarist\u00eda, se proceder\u00e1 al acto de Toma de Posesi\u00f3n del cargo de Abad de la Cofrad\u00eda Santo Cristo del Perd\u00f3n para el bienio 2023-2025 del actual Abad Jos\u00e9 Mar\u00eda URDIALES [&hellip;]<\/p>\n","protected":false},"author":1,"featured_media":0,"comment_status":"open","ping_status":"open","sticky":false,"template":"","format":"standard","meta":{"footnotes":""},"categories":[28],"tags":[],"class_list":["post-4532","post","type-post","status-publish","format-standard","hentry","category-historico"],"_links":{"self":[{"href":"https:\/\/pruebas.cursopracticoseo.com\/wordpress_o\/wp-json\/wp\/v2\/posts\/4532","targetHints":{"allow":["GET"]}}],"collection":[{"href":"https:\/\/pruebas.cursopracticoseo.com\/wordpress_o\/wp-json\/wp\/v2\/posts"}],"about":[{"href":"https:\/\/pruebas.cursopracticoseo.com\/wordpress_o\/wp-json\/wp\/v2\/types\/post"}],"author":[{"embeddable":true,"href":"https:\/\/pruebas.cursopracticoseo.com\/wordpress_o\/wp-json\/wp\/v2\/users\/1"}],"replies":[{"embeddable":true,"href":"https:\/\/pruebas.cursopracticoseo.com\/wordpress_o\/wp-json\/wp\/v2\/comments?post=4532"}],"version-history":[{"count":0,"href":"https:\/\/pruebas.cursopracticoseo.com\/wordpress_o\/wp-json\/wp\/v2\/posts\/4532\/revisions"}],"wp:attachment":[{"href":"https:\/\/pruebas.cursopracticoseo.com\/wordpress_o\/wp-json\/wp\/v2\/media?parent=4532"}],"wp:term":[{"taxonomy":"category","embeddable":true,"href":"https:\/\/pruebas.cursopracticoseo.com\/wordpress_o\/wp-json\/wp\/v2\/categories?post=4532"},{"taxonomy":"post_tag","embeddable":true,"href":"https:\/\/pruebas.cursopracticoseo.com\/wordpress_o\/wp-json\/wp\/v2\/tags?post=4532"}],"curies":[{"name":"wp","href":"https:\/\/api.w.org\/{rel}","templated":true}]}}