{"id":4526,"date":"2023-09-28T00:00:00","date_gmt":"2023-09-28T00:00:00","guid":{"rendered":"https:\/\/pruebas.cursopracticoseo.com\/wordpress_o\/celebracion-eucaristica-de-inicio-de-curso\/"},"modified":"2023-09-28T00:00:00","modified_gmt":"2023-09-28T00:00:00","slug":"celebracion-eucaristica-de-inicio-de-curso","status":"publish","type":"post","link":"https:\/\/pruebas.cursopracticoseo.com\/wordpress_o\/celebracion-eucaristica-de-inicio-de-curso\/","title":{"rendered":"CELEBRACI\u00d3N EUCAR\u00cdSTICA DE INICIO DE CURSO"},"content":{"rendered":"<p>La Junta Mayor y las Cofrad\u00edas y Hermandades de la Semana Santa de Le\u00f3n, unidos en comuni\u00f3n, dar\u00e1n oficialidad al inicio de este nuevo curso cofrade con la celebraci\u00f3n de una Eucarist\u00eda.<\/p>\n<p>El acto lit\u00fargico se desarrollar\u00e1 en la capilla del Museo Diocesano y de Semana Santa, el pr\u00f3ximo domingo 1 de octubre a las 19 horas.<\/p>\n<p>Es deseo de las asociaciones cofrades invitar a participar de esta eucarist\u00eda a los papones y paponas, as\u00ed como a todos aquellos fieles que quieran unirse para celebrar y compartir la fe que nos une.<\/p>\n","protected":false},"excerpt":{"rendered":"<p>La Junta Mayor y las Cofrad\u00edas y Hermandades de la Semana Santa de Le\u00f3n, unidos en comuni\u00f3n, dar\u00e1n oficialidad al inicio de este nuevo curso cofrade con la celebraci\u00f3n de una Eucarist\u00eda. El acto lit\u00fargico se desarrollar\u00e1 en la capilla del Museo Diocesano y de Semana Santa, el pr\u00f3ximo domingo 1 de octubre a las [&hellip;]<\/p>\n","protected":false},"author":1,"featured_media":0,"comment_status":"open","ping_status":"open","sticky":false,"template":"","format":"standard","meta":{"footnotes":""},"categories":[28],"tags":[],"class_list":["post-4526","post","type-post","status-publish","format-standard","hentry","category-historico"],"_links":{"self":[{"href":"https:\/\/pruebas.cursopracticoseo.com\/wordpress_o\/wp-json\/wp\/v2\/posts\/4526","targetHints":{"allow":["GET"]}}],"collection":[{"href":"https:\/\/pruebas.cursopracticoseo.com\/wordpress_o\/wp-json\/wp\/v2\/posts"}],"about":[{"href":"https:\/\/pruebas.cursopracticoseo.com\/wordpress_o\/wp-json\/wp\/v2\/types\/post"}],"author":[{"embeddable":true,"href":"https:\/\/pruebas.cursopracticoseo.com\/wordpress_o\/wp-json\/wp\/v2\/users\/1"}],"replies":[{"embeddable":true,"href":"https:\/\/pruebas.cursopracticoseo.com\/wordpress_o\/wp-json\/wp\/v2\/comments?post=4526"}],"version-history":[{"count":0,"href":"https:\/\/pruebas.cursopracticoseo.com\/wordpress_o\/wp-json\/wp\/v2\/posts\/4526\/revisions"}],"wp:attachment":[{"href":"https:\/\/pruebas.cursopracticoseo.com\/wordpress_o\/wp-json\/wp\/v2\/media?parent=4526"}],"wp:term":[{"taxonomy":"category","embeddable":true,"href":"https:\/\/pruebas.cursopracticoseo.com\/wordpress_o\/wp-json\/wp\/v2\/categories?post=4526"},{"taxonomy":"post_tag","embeddable":true,"href":"https:\/\/pruebas.cursopracticoseo.com\/wordpress_o\/wp-json\/wp\/v2\/tags?post=4526"}],"curies":[{"name":"wp","href":"https:\/\/api.w.org\/{rel}","templated":true}]}}