{"id":4525,"date":"2023-11-06T00:00:00","date_gmt":"2023-11-06T00:00:00","guid":{"rendered":"https:\/\/pruebas.cursopracticoseo.com\/wordpress_o\/conmemoracion-de-los-fieles-difuntos\/"},"modified":"2023-11-06T00:00:00","modified_gmt":"2023-11-06T00:00:00","slug":"conmemoracion-de-los-fieles-difuntos","status":"publish","type":"post","link":"https:\/\/pruebas.cursopracticoseo.com\/wordpress_o\/conmemoracion-de-los-fieles-difuntos\/","title":{"rendered":"CONMEMORACI\u00d3N DE LOS FIELES DIFUNTOS"},"content":{"rendered":"<p>En la tarde de pasado d\u00edas 2, y como celebraci\u00f3n de la Festividad de Todos los Difuntos, la Cofrad\u00eda del Dulce Nombre de Jes\u00fas Nazareno y la Cofrad\u00eda de Nra. Sra. de las Angustias y Virgen de la Soledad se reunieron para celebrar una Eucarist\u00eda, en memoria y recuerdo de todos aquellos hermanos y hermanas que nos precedieron.<\/p>\n<p>A dicha celebraci\u00f3n, presidida por D. Manuel Flaker Labanda, Consiliario, y por D. Manuel Guti\u00e9rrez Bandera, Prior de los HH. Dominicos. Asisti\u00f3 numeroso p\u00fablico, acompa\u00f1ados por los miembros de las Juntas de Gobierno de ambas Cofrad\u00edas, como s\u00edmbolo de hermandad y fraternidad y muestra del v\u00ednculo que nos une desde hace muchos a\u00f1os.<\/p>\n<p>Sin duda, un acto imprescindible y estatutario en el calendario de las Cofrad\u00edas, herederas del trabajo y esfuerzo de personas que con su buen hacer de muchos a\u00f1os, incluso siglos, han sido transmisoras de una pasi\u00f3n cofrade y de pertenencia a esta gran familia.<\/p>\n<p>La Junta de Gobierno quiere dar las gracias a la gran cantidad de fieles participantes en esta fr\u00eda tarde de jueves, en tan entra\u00f1able acto y env\u00eda un abrazo fraterno a cada una de las familias de ambas penitenciales.<\/p>\n","protected":false},"excerpt":{"rendered":"<p>En la tarde de pasado d\u00edas 2, y como celebraci\u00f3n de la Festividad de Todos los Difuntos, la Cofrad\u00eda del Dulce Nombre de Jes\u00fas Nazareno y la Cofrad\u00eda de Nra. Sra. de las Angustias y Virgen de la Soledad se reunieron para celebrar una Eucarist\u00eda, en memoria y recuerdo de todos aquellos hermanos y hermanas [&hellip;]<\/p>\n","protected":false},"author":1,"featured_media":0,"comment_status":"open","ping_status":"open","sticky":false,"template":"","format":"standard","meta":{"footnotes":""},"categories":[28],"tags":[],"class_list":["post-4525","post","type-post","status-publish","format-standard","hentry","category-historico"],"_links":{"self":[{"href":"https:\/\/pruebas.cursopracticoseo.com\/wordpress_o\/wp-json\/wp\/v2\/posts\/4525","targetHints":{"allow":["GET"]}}],"collection":[{"href":"https:\/\/pruebas.cursopracticoseo.com\/wordpress_o\/wp-json\/wp\/v2\/posts"}],"about":[{"href":"https:\/\/pruebas.cursopracticoseo.com\/wordpress_o\/wp-json\/wp\/v2\/types\/post"}],"author":[{"embeddable":true,"href":"https:\/\/pruebas.cursopracticoseo.com\/wordpress_o\/wp-json\/wp\/v2\/users\/1"}],"replies":[{"embeddable":true,"href":"https:\/\/pruebas.cursopracticoseo.com\/wordpress_o\/wp-json\/wp\/v2\/comments?post=4525"}],"version-history":[{"count":0,"href":"https:\/\/pruebas.cursopracticoseo.com\/wordpress_o\/wp-json\/wp\/v2\/posts\/4525\/revisions"}],"wp:attachment":[{"href":"https:\/\/pruebas.cursopracticoseo.com\/wordpress_o\/wp-json\/wp\/v2\/media?parent=4525"}],"wp:term":[{"taxonomy":"category","embeddable":true,"href":"https:\/\/pruebas.cursopracticoseo.com\/wordpress_o\/wp-json\/wp\/v2\/categories?post=4525"},{"taxonomy":"post_tag","embeddable":true,"href":"https:\/\/pruebas.cursopracticoseo.com\/wordpress_o\/wp-json\/wp\/v2\/tags?post=4525"}],"curies":[{"name":"wp","href":"https:\/\/api.w.org\/{rel}","templated":true}]}}