{"id":4523,"date":"2023-11-13T00:00:00","date_gmt":"2023-11-13T00:00:00","guid":{"rendered":"https:\/\/pruebas.cursopracticoseo.com\/wordpress_o\/plan-de-formacion-cofrade-sin-perder-el-paso-2023-2024\/"},"modified":"2023-11-13T00:00:00","modified_gmt":"2023-11-13T00:00:00","slug":"plan-de-formacion-cofrade-sin-perder-el-paso-2023-2024","status":"publish","type":"post","link":"https:\/\/pruebas.cursopracticoseo.com\/wordpress_o\/plan-de-formacion-cofrade-sin-perder-el-paso-2023-2024\/","title":{"rendered":"PLAN DE FORMACI\u00d3N COFRADE \u00abSIN PERDER EL PASO 2023\/2024\u00bb"},"content":{"rendered":"<p>La Cofrad\u00eda Santo Cristo de la Bienaventuranza presenta el plan de formaci\u00f3n cofrade \u201cSin perder el paso 2023\/2024\u201d.<br \/>\nLas sesiones comenzar\u00e1n el pr\u00f3ximo lunes 13 de noviembre donde intervendr\u00e1 D. Javier Fresno Campos (Coordinador de la Comisi\u00f3n de Encuentros y Congresos Nacionales de Cofrad\u00edas).<\/p>\n<p>Las pr\u00f3ximas sesiones se celebrar\u00e1n el 18 de diciembre, donde intervendr\u00e1 D. \u00d3scar Mart\u00edn Feito (Capell\u00e1n Castrense de la Academia B\u00e1sica del Aire de La Virgen del Camino); el 15 de enero, con la intervenci\u00f3n de D\u00f1a. M.\u00aa Fuencisla Fraile, D\u00f1a. Estrella Par\u00eds y D\u00f1a. M.\u00aa \u00c1ngeles Fern\u00e1ndez (Miembros del \u00c1rea de Ense\u00f1anza Religiosa Escolar y colegios cat\u00f3licos de la di\u00f3cesis de Le\u00f3n); el 5 de febrero, donde expondr\u00e1 D. Carlos de Francisco Vega (Exdirector del Secretariado de la Comisi\u00f3n Episcopal de Relaciones Interconfesionales de la Conferencia Episcopal Espa\u00f1ola); el 4 de marzo, donde intervendr\u00e1 D. Jos\u00e9 Luis Castro P\u00e9rez (Delegado Episcopal de Liturgia, Piedad Popular y Causas de los Santos de la di\u00f3cesis de Astorga); el 17 de abril, con la intervenci\u00f3n de D. Rub\u00e9n Garc\u00eda Pel\u00e1ez (Can\u00f3nigo de la S.I. Catedral de Le\u00f3n); el 13 de mayo, con D. Nicanor Mart\u00ednez Garc\u00eda (Consiliario de la Real Hermandad de Jes\u00fas Divino Obrero)); y por \u00faltimo el 3 junio, donde cerrar\u00e1 el ciclo de sesiones D. Sergio de Juan Fern\u00e1ndez (Director Musical de la Agrupaci\u00f3n Musical Santo Cristo de la Bienaventuranza de Le\u00f3n).<\/p>\n<p>Las sesiones tendr\u00e1n lugar a las 20:30 horas en la sede de la Cofrad\u00eda, situada en la Calle Cipriano de la Huerga, 10.<\/p>\n<p>Todas las sesiones est\u00e1n abiertas a todo el p\u00fablico que quiera asistir.<\/p>\n","protected":false},"excerpt":{"rendered":"<p>La Cofrad\u00eda Santo Cristo de la Bienaventuranza presenta el plan de formaci\u00f3n cofrade \u201cSin perder el paso 2023\/2024\u201d. Las sesiones comenzar\u00e1n el pr\u00f3ximo lunes 13 de noviembre donde intervendr\u00e1 D. Javier Fresno Campos (Coordinador de la Comisi\u00f3n de Encuentros y Congresos Nacionales de Cofrad\u00edas). Las pr\u00f3ximas sesiones se celebrar\u00e1n el 18 de diciembre, donde intervendr\u00e1 [&hellip;]<\/p>\n","protected":false},"author":1,"featured_media":0,"comment_status":"open","ping_status":"open","sticky":false,"template":"","format":"standard","meta":{"footnotes":""},"categories":[28],"tags":[],"class_list":["post-4523","post","type-post","status-publish","format-standard","hentry","category-historico"],"_links":{"self":[{"href":"https:\/\/pruebas.cursopracticoseo.com\/wordpress_o\/wp-json\/wp\/v2\/posts\/4523","targetHints":{"allow":["GET"]}}],"collection":[{"href":"https:\/\/pruebas.cursopracticoseo.com\/wordpress_o\/wp-json\/wp\/v2\/posts"}],"about":[{"href":"https:\/\/pruebas.cursopracticoseo.com\/wordpress_o\/wp-json\/wp\/v2\/types\/post"}],"author":[{"embeddable":true,"href":"https:\/\/pruebas.cursopracticoseo.com\/wordpress_o\/wp-json\/wp\/v2\/users\/1"}],"replies":[{"embeddable":true,"href":"https:\/\/pruebas.cursopracticoseo.com\/wordpress_o\/wp-json\/wp\/v2\/comments?post=4523"}],"version-history":[{"count":0,"href":"https:\/\/pruebas.cursopracticoseo.com\/wordpress_o\/wp-json\/wp\/v2\/posts\/4523\/revisions"}],"wp:attachment":[{"href":"https:\/\/pruebas.cursopracticoseo.com\/wordpress_o\/wp-json\/wp\/v2\/media?parent=4523"}],"wp:term":[{"taxonomy":"category","embeddable":true,"href":"https:\/\/pruebas.cursopracticoseo.com\/wordpress_o\/wp-json\/wp\/v2\/categories?post=4523"},{"taxonomy":"post_tag","embeddable":true,"href":"https:\/\/pruebas.cursopracticoseo.com\/wordpress_o\/wp-json\/wp\/v2\/tags?post=4523"}],"curies":[{"name":"wp","href":"https:\/\/api.w.org\/{rel}","templated":true}]}}