{"id":4522,"date":"2023-11-15T00:00:00","date_gmt":"2023-11-15T00:00:00","guid":{"rendered":"https:\/\/pruebas.cursopracticoseo.com\/wordpress_o\/exposicion-belen-monumental-por-parte-de-la-cofradia-de-la-siete-palabras-de-jesus-en-la-cruz\/"},"modified":"2023-11-15T00:00:00","modified_gmt":"2023-11-15T00:00:00","slug":"exposicion-belen-monumental-por-parte-de-la-cofradia-de-la-siete-palabras-de-jesus-en-la-cruz","status":"publish","type":"post","link":"https:\/\/pruebas.cursopracticoseo.com\/wordpress_o\/exposicion-belen-monumental-por-parte-de-la-cofradia-de-la-siete-palabras-de-jesus-en-la-cruz\/","title":{"rendered":"EXPOSICI\u00d3N BEL\u00c9N MONUMENTAL POR PARTE DE LA COFRAD\u00cdA DE LA SIETE PALABRAS DE JESUS EN LA CRUZ"},"content":{"rendered":"<p>La Cofrad\u00eda de las Siete Palabras de Jes\u00fas en la Cruz, en colaboraci\u00f3n con la Asociaci\u00f3n Belenista Castellana y el Excmo. Ayuntamiento de Le\u00f3n, abrir\u00e1 al p\u00fablico el pr\u00f3ximo d\u00eda 17 de noviembre, en el Seminario Mayor \u201cSan Froil\u00e1n de Le\u00f3n, sito en la plaza de Regla 8, la Exposici\u00f3n de un Bel\u00e9n Monumental ambientado en la ciudad de Le\u00f3n, siendo el motivo principal del Bel\u00e9n una espectacular r\u00e9plica de la Catedral de Le\u00f3n; las murallas del viejo Reino y la recreaci\u00f3n de una antigua plaza de nuestra ciudad bimilenaria completan esta magn\u00edfica estampa que en los 52m2 que ocupa representa las distintas escenas t\u00edpicas y tradicionales de la Natividad de Jes\u00fas.<\/p>\n<p>Colaboran tambi\u00e9n en este proyecto el Seminario Mayor \u201cSan Froil\u00e1n\u201d de Le\u00f3n y el taller de Artesan\u00eda Mayo.<br \/>\nEn la tarde del d\u00eda 16 de noviembre tendr\u00e1 lugar el acto de presentaci\u00f3n ante las autoridades eclesi\u00e1sticas, civiles y militares de nuestra capital y la bendici\u00f3n de este Bel\u00e9n Monumental por parte del Excmo. y Rvdmo. Obispo de la Di\u00f3cesis de Le\u00f3n, don Luis \u00c1ngel de las Heras Berzal.<\/p>\n<p>El acceso a la exposici\u00f3n tiene el simb\u00f3lico precio de 1\u20ac y estar\u00e1 abierto de lunes a domingo en horario de 11 a 14 horas y de 17 a 21 horas, ampli\u00e1ndose desde las 10 de la ma\u00f1ana los fines de semana. La exposici\u00f3n permanecer\u00e1 abierta hasta el 14 de enero del a\u00f1o pr\u00f3ximo.<\/p>\n","protected":false},"excerpt":{"rendered":"<p>La Cofrad\u00eda de las Siete Palabras de Jes\u00fas en la Cruz, en colaboraci\u00f3n con la Asociaci\u00f3n Belenista Castellana y el Excmo. Ayuntamiento de Le\u00f3n, abrir\u00e1 al p\u00fablico el pr\u00f3ximo d\u00eda 17 de noviembre, en el Seminario Mayor \u201cSan Froil\u00e1n de Le\u00f3n, sito en la plaza de Regla 8, la Exposici\u00f3n de un Bel\u00e9n Monumental ambientado [&hellip;]<\/p>\n","protected":false},"author":1,"featured_media":0,"comment_status":"open","ping_status":"open","sticky":false,"template":"","format":"standard","meta":{"footnotes":""},"categories":[28],"tags":[],"class_list":["post-4522","post","type-post","status-publish","format-standard","hentry","category-historico"],"_links":{"self":[{"href":"https:\/\/pruebas.cursopracticoseo.com\/wordpress_o\/wp-json\/wp\/v2\/posts\/4522","targetHints":{"allow":["GET"]}}],"collection":[{"href":"https:\/\/pruebas.cursopracticoseo.com\/wordpress_o\/wp-json\/wp\/v2\/posts"}],"about":[{"href":"https:\/\/pruebas.cursopracticoseo.com\/wordpress_o\/wp-json\/wp\/v2\/types\/post"}],"author":[{"embeddable":true,"href":"https:\/\/pruebas.cursopracticoseo.com\/wordpress_o\/wp-json\/wp\/v2\/users\/1"}],"replies":[{"embeddable":true,"href":"https:\/\/pruebas.cursopracticoseo.com\/wordpress_o\/wp-json\/wp\/v2\/comments?post=4522"}],"version-history":[{"count":0,"href":"https:\/\/pruebas.cursopracticoseo.com\/wordpress_o\/wp-json\/wp\/v2\/posts\/4522\/revisions"}],"wp:attachment":[{"href":"https:\/\/pruebas.cursopracticoseo.com\/wordpress_o\/wp-json\/wp\/v2\/media?parent=4522"}],"wp:term":[{"taxonomy":"category","embeddable":true,"href":"https:\/\/pruebas.cursopracticoseo.com\/wordpress_o\/wp-json\/wp\/v2\/categories?post=4522"},{"taxonomy":"post_tag","embeddable":true,"href":"https:\/\/pruebas.cursopracticoseo.com\/wordpress_o\/wp-json\/wp\/v2\/tags?post=4522"}],"curies":[{"name":"wp","href":"https:\/\/api.w.org\/{rel}","templated":true}]}}