{"id":4514,"date":"2023-12-20T00:00:00","date_gmt":"2023-12-20T00:00:00","guid":{"rendered":"https:\/\/pruebas.cursopracticoseo.com\/wordpress_o\/oscar-martin-feito-las-cofradias-forman-parte-de-la-naturaleza-de-la-iglesia\/"},"modified":"2023-12-20T00:00:00","modified_gmt":"2023-12-20T00:00:00","slug":"oscar-martin-feito-las-cofradias-forman-parte-de-la-naturaleza-de-la-iglesia","status":"publish","type":"post","link":"https:\/\/pruebas.cursopracticoseo.com\/wordpress_o\/oscar-martin-feito-las-cofradias-forman-parte-de-la-naturaleza-de-la-iglesia\/","title":{"rendered":"\u00d3SCAR MART\u00cdN FEITO: \u00abLAS COFRAD\u00cdAS FORMAN PARTE DE LA NATURALEZA DE LA IGLESIA\u00bb"},"content":{"rendered":"<p>La Cofrad\u00eda del Santo Cristo de la Bienaventuranza de Le\u00f3n organizaba, el pasado lunes, 18 de diciembre, su plan de formaci\u00f3n cofrade \u201cSin perder el paso\u201d. El ponente fue \u00d3scar Mart\u00edn Feito, capell\u00e1n castrense de la Academia B\u00e1sica del Aire de La Virgen del Camino.<\/p>\n<p>En su exposici\u00f3n, bajo el t\u00edtulo \u201cLas cofrad\u00edas, pioneras en la doctrina social de la Iglesia\u201d, \u00d3scar repas\u00f3 los principales principios por los que la Iglesia se rige desde tiempos de su creaci\u00f3n.<\/p>\n<p>En su exposici\u00f3n indic\u00f3 que en los \u00faltimos dos siglos y debido a los intereses de los burgueses, se han visto cambios y se han desmantelado diferentes reg\u00edmenes que la sociedad y la Iglesia hab\u00edan tejido. Por ello las labores de las cofrad\u00edas se vieron dificultadas. Remarc\u00f3 tambi\u00e9n las \u00e1reas en las que la Iglesia se implicaba antiguamente, m\u00e1s all\u00e1 de la veneraci\u00f3n a las im\u00e1genes, como puede ser asistiendo a enfermos, acompa\u00f1ando a ajusticiados, creando hospitales, asistiendo a presos o impedidos. etc.<\/p>\n<p>Finalizaba la sesi\u00f3n reflexionando sobre que es muy importante la labor social que realizan las cofrad\u00edas, pero que nunca se deben \u201cofuscar\u201d en el activismo. Hay que dar valor a lo trascendente, a lo que estamos dirigiendo.<\/p>\n","protected":false},"excerpt":{"rendered":"<p>La Cofrad\u00eda del Santo Cristo de la Bienaventuranza de Le\u00f3n organizaba, el pasado lunes, 18 de diciembre, su plan de formaci\u00f3n cofrade \u201cSin perder el paso\u201d. El ponente fue \u00d3scar Mart\u00edn Feito, capell\u00e1n castrense de la Academia B\u00e1sica del Aire de La Virgen del Camino. En su exposici\u00f3n, bajo el t\u00edtulo \u201cLas cofrad\u00edas, pioneras en [&hellip;]<\/p>\n","protected":false},"author":1,"featured_media":0,"comment_status":"open","ping_status":"open","sticky":false,"template":"","format":"standard","meta":{"footnotes":""},"categories":[28],"tags":[],"class_list":["post-4514","post","type-post","status-publish","format-standard","hentry","category-historico"],"_links":{"self":[{"href":"https:\/\/pruebas.cursopracticoseo.com\/wordpress_o\/wp-json\/wp\/v2\/posts\/4514","targetHints":{"allow":["GET"]}}],"collection":[{"href":"https:\/\/pruebas.cursopracticoseo.com\/wordpress_o\/wp-json\/wp\/v2\/posts"}],"about":[{"href":"https:\/\/pruebas.cursopracticoseo.com\/wordpress_o\/wp-json\/wp\/v2\/types\/post"}],"author":[{"embeddable":true,"href":"https:\/\/pruebas.cursopracticoseo.com\/wordpress_o\/wp-json\/wp\/v2\/users\/1"}],"replies":[{"embeddable":true,"href":"https:\/\/pruebas.cursopracticoseo.com\/wordpress_o\/wp-json\/wp\/v2\/comments?post=4514"}],"version-history":[{"count":0,"href":"https:\/\/pruebas.cursopracticoseo.com\/wordpress_o\/wp-json\/wp\/v2\/posts\/4514\/revisions"}],"wp:attachment":[{"href":"https:\/\/pruebas.cursopracticoseo.com\/wordpress_o\/wp-json\/wp\/v2\/media?parent=4514"}],"wp:term":[{"taxonomy":"category","embeddable":true,"href":"https:\/\/pruebas.cursopracticoseo.com\/wordpress_o\/wp-json\/wp\/v2\/categories?post=4514"},{"taxonomy":"post_tag","embeddable":true,"href":"https:\/\/pruebas.cursopracticoseo.com\/wordpress_o\/wp-json\/wp\/v2\/tags?post=4514"}],"curies":[{"name":"wp","href":"https:\/\/api.w.org\/{rel}","templated":true}]}}