{"id":4508,"date":"2023-02-02T00:00:00","date_gmt":"2023-02-02T00:00:00","guid":{"rendered":"https:\/\/pruebas.cursopracticoseo.com\/wordpress_o\/festividad-de-las-candelas\/"},"modified":"2026-03-04T13:46:35","modified_gmt":"2026-03-04T13:46:35","slug":"festividad-de-las-candelas","status":"publish","type":"post","link":"https:\/\/pruebas.cursopracticoseo.com\/wordpress_o\/festividad-de-las-candelas\/","title":{"rendered":"FESTIVIDAD DE LAS CANDELAS"},"content":{"rendered":"<p>Tendr\u00e1 lugar el jueves 2 de febrero, a partir de las 19 hs en la Iglesia de Santa Marina la Real.<\/p>\n<p>En la fiesta de las Candelas, recordamos a Mar\u00eda y Jos\u00e9 presentando a Jes\u00fas, Luz del mundo, en el Templo de Jerusal\u00e9n. Por ello, se bendecir\u00e1 a las madres y sus hijos bautizados el \u00faltimo a\u00f1o en nuestra parroquia, as\u00ed como las candelas, recuerdo de esa Luz.<\/p>\n<p>Organizada por la parroquia de Santa Marina la Real en colaboraci\u00f3n con la A.VV. \u00abEl Espol\u00f3n\u00bb, cofrad\u00edas Santo Cristo del Desenclavo y la Agon\u00eda de Nuestro Se\u00f1or y el Ayuntamiento de Le\u00f3n.<\/p>\n<p>Se dar\u00e1 comienzo con la bendici\u00f3n de velas a la entrada del templo, procesi\u00f3n, ofrendas y al finalizar, celebraremos un acto de confraternizaci\u00f3n con la degustaci\u00f3n de unas pastas.<\/p>\n","protected":false},"excerpt":{"rendered":"<p>Tendr\u00e1 lugar el jueves 2 de febrero, a partir de las 19 hs en la Iglesia de Santa Marina la Real. En la fiesta de las Candelas, recordamos a Mar\u00eda y Jos\u00e9 presentando a Jes\u00fas, Luz del mundo, en el Templo de Jerusal\u00e9n. Por ello, se bendecir\u00e1 a las madres y sus hijos bautizados el [&hellip;]<\/p>\n","protected":false},"author":1,"featured_media":0,"comment_status":"open","ping_status":"open","sticky":false,"template":"","format":"standard","meta":{"footnotes":""},"categories":[28],"tags":[],"class_list":["post-4508","post","type-post","status-publish","format-standard","hentry","category-historico"],"_links":{"self":[{"href":"https:\/\/pruebas.cursopracticoseo.com\/wordpress_o\/wp-json\/wp\/v2\/posts\/4508","targetHints":{"allow":["GET"]}}],"collection":[{"href":"https:\/\/pruebas.cursopracticoseo.com\/wordpress_o\/wp-json\/wp\/v2\/posts"}],"about":[{"href":"https:\/\/pruebas.cursopracticoseo.com\/wordpress_o\/wp-json\/wp\/v2\/types\/post"}],"author":[{"embeddable":true,"href":"https:\/\/pruebas.cursopracticoseo.com\/wordpress_o\/wp-json\/wp\/v2\/users\/1"}],"replies":[{"embeddable":true,"href":"https:\/\/pruebas.cursopracticoseo.com\/wordpress_o\/wp-json\/wp\/v2\/comments?post=4508"}],"version-history":[{"count":1,"href":"https:\/\/pruebas.cursopracticoseo.com\/wordpress_o\/wp-json\/wp\/v2\/posts\/4508\/revisions"}],"predecessor-version":[{"id":4549,"href":"https:\/\/pruebas.cursopracticoseo.com\/wordpress_o\/wp-json\/wp\/v2\/posts\/4508\/revisions\/4549"}],"wp:attachment":[{"href":"https:\/\/pruebas.cursopracticoseo.com\/wordpress_o\/wp-json\/wp\/v2\/media?parent=4508"}],"wp:term":[{"taxonomy":"category","embeddable":true,"href":"https:\/\/pruebas.cursopracticoseo.com\/wordpress_o\/wp-json\/wp\/v2\/categories?post=4508"},{"taxonomy":"post_tag","embeddable":true,"href":"https:\/\/pruebas.cursopracticoseo.com\/wordpress_o\/wp-json\/wp\/v2\/tags?post=4508"}],"curies":[{"name":"wp","href":"https:\/\/api.w.org\/{rel}","templated":true}]}}