{"id":4503,"date":"2024-02-14T00:00:00","date_gmt":"2024-02-14T00:00:00","guid":{"rendered":"https:\/\/pruebas.cursopracticoseo.com\/wordpress_o\/iv-concurso-de-dibujos-cofrades\/"},"modified":"2026-03-16T12:22:56","modified_gmt":"2026-03-16T12:22:56","slug":"iv-concurso-de-dibujos-cofrades","status":"publish","type":"post","link":"https:\/\/pruebas.cursopracticoseo.com\/wordpress_o\/iv-concurso-de-dibujos-cofrades\/","title":{"rendered":"IV CONCURSO DE DIBUJOS COFRADES"},"content":{"rendered":"\n<p>El Grupo de J\u00f3venes Papones de Le\u00f3n, en colaboraci\u00f3n con la Di\u00f3cesis de Le\u00f3n y la Pastoral Juvenil convoca en IV concurso de dibujos cofrades \u201cPapon\u00edn, dibuja tu Semana Santa\u201d.<\/p>\n\n\n\n<p>El concurso de divide en tres categor\u00edas por edades, de 4 a 6 a\u00f1os, de 7 a 9 a\u00f1os y de 10 a 12 a\u00f1os; para todos los ni\u00f1os de la Di\u00f3cesis de estas edades que quieran participar.<\/p>\n\n\n\n<p>El plazo de entrega de los dibujos ser\u00e1 del 14 de febrero (mi\u00e9rcoles de ceniza) hasta el 15 de marzo, debiendo hacerse en formato f\u00edsico, seg\u00fan modelo del Anexo I, en la porter\u00eda del Seminario Conciliar \u201cSan Froil\u00e1n\u201d, Plaza de Regla n\u00ba 8, de lunes a s\u00e1bado de 9 a 14 horas.<\/p>\n\n\n\n<p>El mi\u00e9rcoles de la 5\u00ba semana de cuaresma (20 de marzo) se dar\u00e1 a conocer a los ganadores de cada categor\u00eda, as\u00ed como a los 2\u00ba y 3\u00ba puesto de las mismas. El Viernes de Dolores (22 de marzo) se realizar\u00e1 la entrega de premios e inauguraci\u00f3n de la exposici\u00f3n con una muestra de los dibujos en el Museo Diocesano y de la Semana Santa.<\/p>\n\n\n\n<p>En la porter\u00eda del Seminario Conciliar \u201cSan Froil\u00e1n\u201d habr\u00e1 disponibles carteles informativos para todos aquellos grupos, parroquias o colegios que lo deseen. As\u00ed como el modelo del Anexo I en papel.<\/p>\n\n\n\n<p>Desde la organizaci\u00f3n an\u00edmanos a todos los ni\u00f1@s a participar y mostrar con sus dibujos que es la Semana Santa para ellos.<\/p>\n\n\n\n<p>Mucha suerte para todos.<\/p>\n","protected":false},"excerpt":{"rendered":"<p>El Grupo de J\u00f3venes Papones de Le\u00f3n, en colaboraci\u00f3n con la Di\u00f3cesis de Le\u00f3n y la Pastoral Juvenil convoca en IV concurso de dibujos cofrades \u201cPapon\u00edn, dibuja tu Semana Santa\u201d. El concurso de divide en tres categor\u00edas por edades, de 4 a 6 a\u00f1os, de 7 a 9 a\u00f1os y de 10 a 12 a\u00f1os; [&hellip;]<\/p>\n","protected":false},"author":1,"featured_media":5258,"comment_status":"open","ping_status":"open","sticky":false,"template":"","format":"standard","meta":{"footnotes":""},"categories":[28],"tags":[],"class_list":["post-4503","post","type-post","status-publish","format-standard","has-post-thumbnail","hentry","category-historico"],"_links":{"self":[{"href":"https:\/\/pruebas.cursopracticoseo.com\/wordpress_o\/wp-json\/wp\/v2\/posts\/4503","targetHints":{"allow":["GET"]}}],"collection":[{"href":"https:\/\/pruebas.cursopracticoseo.com\/wordpress_o\/wp-json\/wp\/v2\/posts"}],"about":[{"href":"https:\/\/pruebas.cursopracticoseo.com\/wordpress_o\/wp-json\/wp\/v2\/types\/post"}],"author":[{"embeddable":true,"href":"https:\/\/pruebas.cursopracticoseo.com\/wordpress_o\/wp-json\/wp\/v2\/users\/1"}],"replies":[{"embeddable":true,"href":"https:\/\/pruebas.cursopracticoseo.com\/wordpress_o\/wp-json\/wp\/v2\/comments?post=4503"}],"version-history":[{"count":1,"href":"https:\/\/pruebas.cursopracticoseo.com\/wordpress_o\/wp-json\/wp\/v2\/posts\/4503\/revisions"}],"predecessor-version":[{"id":7037,"href":"https:\/\/pruebas.cursopracticoseo.com\/wordpress_o\/wp-json\/wp\/v2\/posts\/4503\/revisions\/7037"}],"wp:featuredmedia":[{"embeddable":true,"href":"https:\/\/pruebas.cursopracticoseo.com\/wordpress_o\/wp-json\/wp\/v2\/media\/5258"}],"wp:attachment":[{"href":"https:\/\/pruebas.cursopracticoseo.com\/wordpress_o\/wp-json\/wp\/v2\/media?parent=4503"}],"wp:term":[{"taxonomy":"category","embeddable":true,"href":"https:\/\/pruebas.cursopracticoseo.com\/wordpress_o\/wp-json\/wp\/v2\/categories?post=4503"},{"taxonomy":"post_tag","embeddable":true,"href":"https:\/\/pruebas.cursopracticoseo.com\/wordpress_o\/wp-json\/wp\/v2\/tags?post=4503"}],"curies":[{"name":"wp","href":"https:\/\/api.w.org\/{rel}","templated":true}]}}