{"id":4501,"date":"2020-02-28T00:00:00","date_gmt":"2020-02-28T00:00:00","guid":{"rendered":"https:\/\/pruebas.cursopracticoseo.com\/wordpress_o\/toma-de-posesion-de-la-redencion\/"},"modified":"2026-03-04T13:48:09","modified_gmt":"2026-03-04T13:48:09","slug":"toma-de-posesion-de-la-redencion","status":"publish","type":"post","link":"https:\/\/pruebas.cursopracticoseo.com\/wordpress_o\/toma-de-posesion-de-la-redencion\/","title":{"rendered":"TOMA DE POSESI\u00d3N DE \u201cLA REDENCI\u00d3N\u201d"},"content":{"rendered":"<p>El domingo 1 de marzo, a las 13.00 horas, tendr\u00e1 lugar en la iglesia parroquial de San Mart\u00edn la Solemne Eucarist\u00eda durante la cual se celebrar\u00e1 la Toma de Posesi\u00f3n del nuevo Abad de la Cofrad\u00eda de Nuestro Se\u00f1or Jes\u00fas de la Redenci\u00f3n para el mandato 2020-2021, nombramiento reca\u00eddo en el Hermano Emiliano Castro Villanueva.<\/p>\n<p>En el mismo acto, tambi\u00e9n tomar\u00e1 posesi\u00f3n como nuevos Seises de la Cofrad\u00eda los Hnos. V\u00edctor Iv\u00e1n Pertejo D\u00edez y Jos\u00e9 Luis Garc\u00eda Gonz\u00e1lez.<\/p>\n<p>Como ya es costumbre, tras la Solemne Eucarist\u00eda, se servir\u00e1 un vino espa\u00f1ol.<\/p>\n","protected":false},"excerpt":{"rendered":"<p>El domingo 1 de marzo, a las 13.00 horas, tendr\u00e1 lugar en la iglesia parroquial de San Mart\u00edn la Solemne Eucarist\u00eda durante la cual se celebrar\u00e1 la Toma de Posesi\u00f3n del nuevo Abad de la Cofrad\u00eda de Nuestro Se\u00f1or Jes\u00fas de la Redenci\u00f3n para el mandato 2020-2021, nombramiento reca\u00eddo en el Hermano Emiliano Castro Villanueva. [&hellip;]<\/p>\n","protected":false},"author":1,"featured_media":0,"comment_status":"open","ping_status":"open","sticky":false,"template":"","format":"standard","meta":{"footnotes":""},"categories":[28],"tags":[],"class_list":["post-4501","post","type-post","status-publish","format-standard","hentry","category-historico"],"_links":{"self":[{"href":"https:\/\/pruebas.cursopracticoseo.com\/wordpress_o\/wp-json\/wp\/v2\/posts\/4501","targetHints":{"allow":["GET"]}}],"collection":[{"href":"https:\/\/pruebas.cursopracticoseo.com\/wordpress_o\/wp-json\/wp\/v2\/posts"}],"about":[{"href":"https:\/\/pruebas.cursopracticoseo.com\/wordpress_o\/wp-json\/wp\/v2\/types\/post"}],"author":[{"embeddable":true,"href":"https:\/\/pruebas.cursopracticoseo.com\/wordpress_o\/wp-json\/wp\/v2\/users\/1"}],"replies":[{"embeddable":true,"href":"https:\/\/pruebas.cursopracticoseo.com\/wordpress_o\/wp-json\/wp\/v2\/comments?post=4501"}],"version-history":[{"count":2,"href":"https:\/\/pruebas.cursopracticoseo.com\/wordpress_o\/wp-json\/wp\/v2\/posts\/4501\/revisions"}],"predecessor-version":[{"id":4718,"href":"https:\/\/pruebas.cursopracticoseo.com\/wordpress_o\/wp-json\/wp\/v2\/posts\/4501\/revisions\/4718"}],"wp:attachment":[{"href":"https:\/\/pruebas.cursopracticoseo.com\/wordpress_o\/wp-json\/wp\/v2\/media?parent=4501"}],"wp:term":[{"taxonomy":"category","embeddable":true,"href":"https:\/\/pruebas.cursopracticoseo.com\/wordpress_o\/wp-json\/wp\/v2\/categories?post=4501"},{"taxonomy":"post_tag","embeddable":true,"href":"https:\/\/pruebas.cursopracticoseo.com\/wordpress_o\/wp-json\/wp\/v2\/tags?post=4501"}],"curies":[{"name":"wp","href":"https:\/\/api.w.org\/{rel}","templated":true}]}}