{"id":4499,"date":"2024-02-28T00:00:00","date_gmt":"2024-02-28T00:00:00","guid":{"rendered":"https:\/\/pruebas.cursopracticoseo.com\/wordpress_o\/angustias-y-soledad-solemne-triduo-a-nuestras-titulares-y-besamanos-a-ntra-sra-de-la-soledad\/"},"modified":"2026-03-16T12:13:03","modified_gmt":"2026-03-16T12:13:03","slug":"angustias-y-soledad-solemne-triduo-a-nuestras-titulares-y-besamanos-a-ntra-sra-de-la-soledad","status":"publish","type":"post","link":"https:\/\/pruebas.cursopracticoseo.com\/wordpress_o\/angustias-y-soledad-solemne-triduo-a-nuestras-titulares-y-besamanos-a-ntra-sra-de-la-soledad\/","title":{"rendered":"ANGUSTIAS Y SOLEDAD: SOLEMNE TRIDUO A NUESTRAS TITULARES Y BESAMANOS A NTRA. SRA. DE LA SOLEDAD"},"content":{"rendered":"\n<p>Un a\u00f1o m\u00e1s, ha llegado el esperado momento de la Celebraci\u00f3n del Solemne Triduo en Honor de Nuestras Titulares y del Solemne Besamanos de Ntra. Sra. de la Soledad.<\/p>\n\n\n\n<p>Tendr\u00e1 lugar los d\u00edas 19, 20 y 21 de marzo, a las 20:15 h., en la Capilla de Santa Nonia y contaremos con la presencia del Prior Em\u00e9rito de los Padres Dominicos, Rvdo. D. Manuel Gutierrez Bandera, Hermano Mayor de nuestra Cofrad\u00eda, vinculada estrechamente a la Orden Dominicana.<\/p>\n\n\n\n<p>El \u00faltimo d\u00eda tendr\u00e1 lugar el Solemne Besamanos, durante todo el d\u00eda, permitiendo as\u00ed a todos los hermanos y cofrades la posibilidad de tener un tiempo de recogimiento y oraci\u00f3n con Nuestra Madre.<\/p>\n\n\n\n<p>Tal y como establecen los estatutos, confiamos contar con vuestra presencia y la de vuestros familiares a un evento de gran importancia y tradici\u00f3n en el calendario cofrade, y punto previo al inicio de la Semana de Pasi\u00f3n.<\/p>\n","protected":false},"excerpt":{"rendered":"<p>Un a\u00f1o m\u00e1s, ha llegado el esperado momento de la Celebraci\u00f3n del Solemne Triduo en Honor de Nuestras Titulares y del Solemne Besamanos de Ntra. Sra. de la Soledad. Tendr\u00e1 lugar los d\u00edas 19, 20 y 21 de marzo, a las 20:15 h., en la Capilla de Santa Nonia y contaremos con la presencia del [&hellip;]<\/p>\n","protected":false},"author":1,"featured_media":5262,"comment_status":"open","ping_status":"open","sticky":false,"template":"","format":"standard","meta":{"footnotes":""},"categories":[28],"tags":[],"class_list":["post-4499","post","type-post","status-publish","format-standard","has-post-thumbnail","hentry","category-historico"],"_links":{"self":[{"href":"https:\/\/pruebas.cursopracticoseo.com\/wordpress_o\/wp-json\/wp\/v2\/posts\/4499","targetHints":{"allow":["GET"]}}],"collection":[{"href":"https:\/\/pruebas.cursopracticoseo.com\/wordpress_o\/wp-json\/wp\/v2\/posts"}],"about":[{"href":"https:\/\/pruebas.cursopracticoseo.com\/wordpress_o\/wp-json\/wp\/v2\/types\/post"}],"author":[{"embeddable":true,"href":"https:\/\/pruebas.cursopracticoseo.com\/wordpress_o\/wp-json\/wp\/v2\/users\/1"}],"replies":[{"embeddable":true,"href":"https:\/\/pruebas.cursopracticoseo.com\/wordpress_o\/wp-json\/wp\/v2\/comments?post=4499"}],"version-history":[{"count":1,"href":"https:\/\/pruebas.cursopracticoseo.com\/wordpress_o\/wp-json\/wp\/v2\/posts\/4499\/revisions"}],"predecessor-version":[{"id":7031,"href":"https:\/\/pruebas.cursopracticoseo.com\/wordpress_o\/wp-json\/wp\/v2\/posts\/4499\/revisions\/7031"}],"wp:featuredmedia":[{"embeddable":true,"href":"https:\/\/pruebas.cursopracticoseo.com\/wordpress_o\/wp-json\/wp\/v2\/media\/5262"}],"wp:attachment":[{"href":"https:\/\/pruebas.cursopracticoseo.com\/wordpress_o\/wp-json\/wp\/v2\/media?parent=4499"}],"wp:term":[{"taxonomy":"category","embeddable":true,"href":"https:\/\/pruebas.cursopracticoseo.com\/wordpress_o\/wp-json\/wp\/v2\/categories?post=4499"},{"taxonomy":"post_tag","embeddable":true,"href":"https:\/\/pruebas.cursopracticoseo.com\/wordpress_o\/wp-json\/wp\/v2\/tags?post=4499"}],"curies":[{"name":"wp","href":"https:\/\/api.w.org\/{rel}","templated":true}]}}