{"id":4496,"date":"2024-03-01T00:00:00","date_gmt":"2024-03-01T00:00:00","guid":{"rendered":"https:\/\/pruebas.cursopracticoseo.com\/wordpress_o\/presentacion-seccion-musical-minerva-y-la-santa-vera-cruz\/"},"modified":"2026-03-16T12:11:05","modified_gmt":"2026-03-16T12:11:05","slug":"presentacion-seccion-musical-minerva-y-la-santa-vera-cruz","status":"publish","type":"post","link":"https:\/\/pruebas.cursopracticoseo.com\/wordpress_o\/presentacion-seccion-musical-minerva-y-la-santa-vera-cruz\/","title":{"rendered":"PRESENTACI\u00d3N SECCI\u00d3N MUSICAL MINERVA Y LA SANTA VERA CRUZ"},"content":{"rendered":"\n<p>El pr\u00f3ximo s\u00e1bado 2 de marzo a las 20:00h, en la Iglesia de San Mart\u00edn se presentar\u00e1 la secci\u00f3n musical de la Real Cofrad\u00eda del Sant\u00edsimo Sacramento de Minerva y la Santa Vera Cruz.<\/p>\n\n\n\n<p>Durante el acto se rendir\u00e1 un homenaje a los componentes que formaron parte de la Banda de Cornetas y Tambores, creada en 1960, siendo la segunda banda de la Semana Santa de la ciudad de Le\u00f3n.<\/p>\n","protected":false},"excerpt":{"rendered":"<p>El pr\u00f3ximo s\u00e1bado 2 de marzo a las 20:00h, en la Iglesia de San Mart\u00edn se presentar\u00e1 la secci\u00f3n musical de la Real Cofrad\u00eda del Sant\u00edsimo Sacramento de Minerva y la Santa Vera Cruz. Durante el acto se rendir\u00e1 un homenaje a los componentes que formaron parte de la Banda de Cornetas y Tambores, creada [&hellip;]<\/p>\n","protected":false},"author":1,"featured_media":5265,"comment_status":"open","ping_status":"open","sticky":false,"template":"","format":"standard","meta":{"footnotes":""},"categories":[28],"tags":[],"class_list":["post-4496","post","type-post","status-publish","format-standard","has-post-thumbnail","hentry","category-historico"],"_links":{"self":[{"href":"https:\/\/pruebas.cursopracticoseo.com\/wordpress_o\/wp-json\/wp\/v2\/posts\/4496","targetHints":{"allow":["GET"]}}],"collection":[{"href":"https:\/\/pruebas.cursopracticoseo.com\/wordpress_o\/wp-json\/wp\/v2\/posts"}],"about":[{"href":"https:\/\/pruebas.cursopracticoseo.com\/wordpress_o\/wp-json\/wp\/v2\/types\/post"}],"author":[{"embeddable":true,"href":"https:\/\/pruebas.cursopracticoseo.com\/wordpress_o\/wp-json\/wp\/v2\/users\/1"}],"replies":[{"embeddable":true,"href":"https:\/\/pruebas.cursopracticoseo.com\/wordpress_o\/wp-json\/wp\/v2\/comments?post=4496"}],"version-history":[{"count":1,"href":"https:\/\/pruebas.cursopracticoseo.com\/wordpress_o\/wp-json\/wp\/v2\/posts\/4496\/revisions"}],"predecessor-version":[{"id":7029,"href":"https:\/\/pruebas.cursopracticoseo.com\/wordpress_o\/wp-json\/wp\/v2\/posts\/4496\/revisions\/7029"}],"wp:featuredmedia":[{"embeddable":true,"href":"https:\/\/pruebas.cursopracticoseo.com\/wordpress_o\/wp-json\/wp\/v2\/media\/5265"}],"wp:attachment":[{"href":"https:\/\/pruebas.cursopracticoseo.com\/wordpress_o\/wp-json\/wp\/v2\/media?parent=4496"}],"wp:term":[{"taxonomy":"category","embeddable":true,"href":"https:\/\/pruebas.cursopracticoseo.com\/wordpress_o\/wp-json\/wp\/v2\/categories?post=4496"},{"taxonomy":"post_tag","embeddable":true,"href":"https:\/\/pruebas.cursopracticoseo.com\/wordpress_o\/wp-json\/wp\/v2\/tags?post=4496"}],"curies":[{"name":"wp","href":"https:\/\/api.w.org\/{rel}","templated":true}]}}