{"id":4478,"date":"2024-05-31T00:00:00","date_gmt":"2024-05-31T00:00:00","guid":{"rendered":"https:\/\/pruebas.cursopracticoseo.com\/wordpress_o\/festividad-del-corpus-christi\/"},"modified":"2026-03-16T11:45:15","modified_gmt":"2026-03-16T11:45:15","slug":"festividad-del-corpus-christi","status":"publish","type":"post","link":"https:\/\/pruebas.cursopracticoseo.com\/wordpress_o\/festividad-del-corpus-christi\/","title":{"rendered":"FESTIVIDAD DEL CORPUS CHRISTI"},"content":{"rendered":"\n<p>La Cofrad\u00eda Santo Cristo del Perd\u00f3n, colabora otro a\u00f1o m\u00e1s, con los actos que tiene programados su sede can\u00f3nica, la Parroquia de San Francisco de la Vega, con motivo de la celebraci\u00f3n de la Festividad del CORPUS CHRISTI este DOMINGO 2 DE JUNIO.<\/p>\n\n\n\n<p>A las 11:00 horas de la ma\u00f1ana, est\u00e1 programada la Solemne Eucarist\u00eda, al finalizar, comenzar\u00e1 la Procesi\u00f3n Parroquial del Corpus Christi con las ni\u00f1as y ni\u00f1os que este a\u00f1o han recibido su primera comuni\u00f3n y estar\u00e1n acompa\u00f1ados por sus catequistas.<\/p>\n\n\n\n<p>La procesi\u00f3n discurrir\u00e1 por las siguientes calles del barrio:<br>G\u00f3mez Salazar, Do\u00f1a Urraca, Cofrad\u00eda del Ciento (parada en el Centro Buen D\u00eda \u2013 La Sal; se proceder\u00e1 a la exaltaci\u00f3n del Sant\u00edsimo Sacramento en el altar instalado), Demetrio Monteser\u00edn, Doctor Fleming, Ram\u00f3n Calabozo, G\u00f3mez Salazar, Iglesia Parroquial.<\/p>\n\n\n\n<p>El paso con la Custodia estar\u00e1 pujado por los braceros y braceras del Cristo de la Esperanza, as\u00ed como cualquier otro hermano o hermana de la Cofrad\u00eda que desee participar. Adem\u00e1s, asistir\u00e1n las hermanas Manolas de la Cofrad\u00eda que para esta ocasi\u00f3n vestir\u00e1n mantilla blanca y la Banda de M\u00fasica de la Cofrad\u00eda.<\/p>\n\n\n\n<p>El momento m\u00e1s emotivo del cortejo procesional se vivir\u00e1 a la altura del Centro Buen D\u00eda \u2013 La Sal, no solo por la exaltaci\u00f3n al Sant\u00edsimo Sacramento, sino, porque se contar\u00e1 con la presencia de los residentes de dicho centro y sus trabajadores.<\/p>\n","protected":false},"excerpt":{"rendered":"<p>La Cofrad\u00eda Santo Cristo del Perd\u00f3n, colabora otro a\u00f1o m\u00e1s, con los actos que tiene programados su sede can\u00f3nica, la Parroquia de San Francisco de la Vega, con motivo de la celebraci\u00f3n de la Festividad del CORPUS CHRISTI este DOMINGO 2 DE JUNIO. A las 11:00 horas de la ma\u00f1ana, est\u00e1 programada la Solemne Eucarist\u00eda, [&hellip;]<\/p>\n","protected":false},"author":1,"featured_media":5282,"comment_status":"open","ping_status":"open","sticky":false,"template":"","format":"standard","meta":{"footnotes":""},"categories":[28],"tags":[],"class_list":["post-4478","post","type-post","status-publish","format-standard","has-post-thumbnail","hentry","category-historico"],"_links":{"self":[{"href":"https:\/\/pruebas.cursopracticoseo.com\/wordpress_o\/wp-json\/wp\/v2\/posts\/4478","targetHints":{"allow":["GET"]}}],"collection":[{"href":"https:\/\/pruebas.cursopracticoseo.com\/wordpress_o\/wp-json\/wp\/v2\/posts"}],"about":[{"href":"https:\/\/pruebas.cursopracticoseo.com\/wordpress_o\/wp-json\/wp\/v2\/types\/post"}],"author":[{"embeddable":true,"href":"https:\/\/pruebas.cursopracticoseo.com\/wordpress_o\/wp-json\/wp\/v2\/users\/1"}],"replies":[{"embeddable":true,"href":"https:\/\/pruebas.cursopracticoseo.com\/wordpress_o\/wp-json\/wp\/v2\/comments?post=4478"}],"version-history":[{"count":1,"href":"https:\/\/pruebas.cursopracticoseo.com\/wordpress_o\/wp-json\/wp\/v2\/posts\/4478\/revisions"}],"predecessor-version":[{"id":7009,"href":"https:\/\/pruebas.cursopracticoseo.com\/wordpress_o\/wp-json\/wp\/v2\/posts\/4478\/revisions\/7009"}],"wp:featuredmedia":[{"embeddable":true,"href":"https:\/\/pruebas.cursopracticoseo.com\/wordpress_o\/wp-json\/wp\/v2\/media\/5282"}],"wp:attachment":[{"href":"https:\/\/pruebas.cursopracticoseo.com\/wordpress_o\/wp-json\/wp\/v2\/media?parent=4478"}],"wp:term":[{"taxonomy":"category","embeddable":true,"href":"https:\/\/pruebas.cursopracticoseo.com\/wordpress_o\/wp-json\/wp\/v2\/categories?post=4478"},{"taxonomy":"post_tag","embeddable":true,"href":"https:\/\/pruebas.cursopracticoseo.com\/wordpress_o\/wp-json\/wp\/v2\/tags?post=4478"}],"curies":[{"name":"wp","href":"https:\/\/api.w.org\/{rel}","templated":true}]}}