{"id":4477,"date":"2023-09-25T00:00:00","date_gmt":"2023-09-25T00:00:00","guid":{"rendered":"https:\/\/pruebas.cursopracticoseo.com\/wordpress_o\/cofradia-cristo-del-gran-poder\/"},"modified":"2026-03-04T13:46:23","modified_gmt":"2026-03-04T13:46:23","slug":"cofradia-cristo-del-gran-poder","status":"publish","type":"post","link":"https:\/\/pruebas.cursopracticoseo.com\/wordpress_o\/cofradia-cristo-del-gran-poder\/","title":{"rendered":"COFRAD\u00cdA CRISTO DEL GRAN PODER"},"content":{"rendered":"<p>El pr\u00f3ximo s\u00e1bado 30 de septiembre, una vez concluida la Eucarist\u00eda de las 18,30 horas en su Sede Social, Iglesia de San Lorenzo, y de conformidad con lo que dictan los Estatutos de la Cofrad\u00eda, tendr\u00e1 lugar la toma de posesi\u00f3n del nuevo Abad para el bienio 2023-2025, en la persona del Hermano:<\/p>\n<p>JOS\u00c9 ANTONIO CAMPELO CASARES, ratificado por la Junta General de Hermanos el 25 de marzo del presente.<\/p>\n<p>As\u00ed mismo, se proceder\u00e1 al cambio de varas e incorporaci\u00f3n de nuevos seises en la Penitencial, los hermanos Montserrat \u00c1lvarez Fern\u00e1ndez y Manuel Prieto Fern\u00e1ndez.<\/p>\n","protected":false},"excerpt":{"rendered":"<p>El pr\u00f3ximo s\u00e1bado 30 de septiembre, una vez concluida la Eucarist\u00eda de las 18,30 horas en su Sede Social, Iglesia de San Lorenzo, y de conformidad con lo que dictan los Estatutos de la Cofrad\u00eda, tendr\u00e1 lugar la toma de posesi\u00f3n del nuevo Abad para el bienio 2023-2025, en la persona del Hermano: JOS\u00c9 ANTONIO [&hellip;]<\/p>\n","protected":false},"author":1,"featured_media":0,"comment_status":"open","ping_status":"open","sticky":false,"template":"","format":"standard","meta":{"footnotes":""},"categories":[28],"tags":[],"class_list":["post-4477","post","type-post","status-publish","format-standard","hentry","category-historico"],"_links":{"self":[{"href":"https:\/\/pruebas.cursopracticoseo.com\/wordpress_o\/wp-json\/wp\/v2\/posts\/4477","targetHints":{"allow":["GET"]}}],"collection":[{"href":"https:\/\/pruebas.cursopracticoseo.com\/wordpress_o\/wp-json\/wp\/v2\/posts"}],"about":[{"href":"https:\/\/pruebas.cursopracticoseo.com\/wordpress_o\/wp-json\/wp\/v2\/types\/post"}],"author":[{"embeddable":true,"href":"https:\/\/pruebas.cursopracticoseo.com\/wordpress_o\/wp-json\/wp\/v2\/users\/1"}],"replies":[{"embeddable":true,"href":"https:\/\/pruebas.cursopracticoseo.com\/wordpress_o\/wp-json\/wp\/v2\/comments?post=4477"}],"version-history":[{"count":1,"href":"https:\/\/pruebas.cursopracticoseo.com\/wordpress_o\/wp-json\/wp\/v2\/posts\/4477\/revisions"}],"predecessor-version":[{"id":4527,"href":"https:\/\/pruebas.cursopracticoseo.com\/wordpress_o\/wp-json\/wp\/v2\/posts\/4477\/revisions\/4527"}],"wp:attachment":[{"href":"https:\/\/pruebas.cursopracticoseo.com\/wordpress_o\/wp-json\/wp\/v2\/media?parent=4477"}],"wp:term":[{"taxonomy":"category","embeddable":true,"href":"https:\/\/pruebas.cursopracticoseo.com\/wordpress_o\/wp-json\/wp\/v2\/categories?post=4477"},{"taxonomy":"post_tag","embeddable":true,"href":"https:\/\/pruebas.cursopracticoseo.com\/wordpress_o\/wp-json\/wp\/v2\/tags?post=4477"}],"curies":[{"name":"wp","href":"https:\/\/api.w.org\/{rel}","templated":true}]}}