{"id":4476,"date":"2024-06-14T00:00:00","date_gmt":"2024-06-14T00:00:00","guid":{"rendered":"https:\/\/pruebas.cursopracticoseo.com\/wordpress_o\/recordatorio-concurso-del-cartel-anunciador-de-la-semana-santa-2025\/"},"modified":"2026-03-16T11:41:43","modified_gmt":"2026-03-16T11:41:43","slug":"recordatorio-concurso-del-cartel-anunciador-de-la-semana-santa-2025","status":"publish","type":"post","link":"https:\/\/pruebas.cursopracticoseo.com\/wordpress_o\/recordatorio-concurso-del-cartel-anunciador-de-la-semana-santa-2025\/","title":{"rendered":"RECORDATORIO: CONCURSO DEL CARTEL ANUNCIADOR DE LA SEMANA SANTA 2025"},"content":{"rendered":"\n<p>La Junta mayor de Cofrad\u00edas y Hermandades convoca el concurso para la elecci\u00f3n del Cartel Oficial que anuncie y promocione la Semana Santa de Le\u00f3n para el a\u00f1o 2025.<\/p>\n\n\n\n<p>La tem\u00e1tica deber\u00e1 reflejar obligatoriamente la particular idiosincrasia de la Semana Santa de Le\u00f3n, teniendo cabida en ella todo aquello que forme parte de la religiosidad de la Pasi\u00f3n en Le\u00f3n, y de sus procesiones.<\/p>\n\n\n\n<p>El plazo para la presentaci\u00f3n de los trabajos finalizar\u00e1 el 30 de septiembre de 2024. El jurado del concurso estar\u00e1 formado por los 16 miembros del Pleno de la Junta Mayor de Cofrad\u00edas y Hermandades de la Semana Santa de Le\u00f3n.<\/p>\n\n\n\n<p>Cada participante podr\u00e1 presentar hasta un m\u00e1ximo de tres obras que deber\u00e1n ser originales e in\u00e9ditas, no habiendo sido presentadas en otros concursos ni publicados en ning\u00fan \u00e1mbito, incluidas las redes sociales.<\/p>\n\n\n\n<p>Las bases pueden ser consultadas en la p\u00e1gina web de la Junta Mayor www.semanasantaleon.org.<\/p>\n","protected":false},"excerpt":{"rendered":"<p>La Junta mayor de Cofrad\u00edas y Hermandades convoca el concurso para la elecci\u00f3n del Cartel Oficial que anuncie y promocione la Semana Santa de Le\u00f3n para el a\u00f1o 2025. La tem\u00e1tica deber\u00e1 reflejar obligatoriamente la particular idiosincrasia de la Semana Santa de Le\u00f3n, teniendo cabida en ella todo aquello que forme parte de la religiosidad [&hellip;]<\/p>\n","protected":false},"author":1,"featured_media":5284,"comment_status":"open","ping_status":"open","sticky":false,"template":"","format":"standard","meta":{"footnotes":""},"categories":[28],"tags":[],"class_list":["post-4476","post","type-post","status-publish","format-standard","has-post-thumbnail","hentry","category-historico"],"_links":{"self":[{"href":"https:\/\/pruebas.cursopracticoseo.com\/wordpress_o\/wp-json\/wp\/v2\/posts\/4476","targetHints":{"allow":["GET"]}}],"collection":[{"href":"https:\/\/pruebas.cursopracticoseo.com\/wordpress_o\/wp-json\/wp\/v2\/posts"}],"about":[{"href":"https:\/\/pruebas.cursopracticoseo.com\/wordpress_o\/wp-json\/wp\/v2\/types\/post"}],"author":[{"embeddable":true,"href":"https:\/\/pruebas.cursopracticoseo.com\/wordpress_o\/wp-json\/wp\/v2\/users\/1"}],"replies":[{"embeddable":true,"href":"https:\/\/pruebas.cursopracticoseo.com\/wordpress_o\/wp-json\/wp\/v2\/comments?post=4476"}],"version-history":[{"count":1,"href":"https:\/\/pruebas.cursopracticoseo.com\/wordpress_o\/wp-json\/wp\/v2\/posts\/4476\/revisions"}],"predecessor-version":[{"id":7007,"href":"https:\/\/pruebas.cursopracticoseo.com\/wordpress_o\/wp-json\/wp\/v2\/posts\/4476\/revisions\/7007"}],"wp:featuredmedia":[{"embeddable":true,"href":"https:\/\/pruebas.cursopracticoseo.com\/wordpress_o\/wp-json\/wp\/v2\/media\/5284"}],"wp:attachment":[{"href":"https:\/\/pruebas.cursopracticoseo.com\/wordpress_o\/wp-json\/wp\/v2\/media?parent=4476"}],"wp:term":[{"taxonomy":"category","embeddable":true,"href":"https:\/\/pruebas.cursopracticoseo.com\/wordpress_o\/wp-json\/wp\/v2\/categories?post=4476"},{"taxonomy":"post_tag","embeddable":true,"href":"https:\/\/pruebas.cursopracticoseo.com\/wordpress_o\/wp-json\/wp\/v2\/tags?post=4476"}],"curies":[{"name":"wp","href":"https:\/\/api.w.org\/{rel}","templated":true}]}}