{"id":4474,"date":"2024-06-28T00:00:00","date_gmt":"2024-06-28T00:00:00","guid":{"rendered":"https:\/\/pruebas.cursopracticoseo.com\/wordpress_o\/misa-por-d-primo-lucio-buron\/"},"modified":"2026-03-16T11:41:05","modified_gmt":"2026-03-16T11:41:05","slug":"misa-por-d-primo-lucio-buron","status":"publish","type":"post","link":"https:\/\/pruebas.cursopracticoseo.com\/wordpress_o\/misa-por-d-primo-lucio-buron\/","title":{"rendered":"MISA POR D. PRIMO LUCIO BUR\u00d3N"},"content":{"rendered":"\n<p>La Cofrad\u00eda Santo Sepulcro \u2013 Esperanza de la Vida aplicar\u00e1, el pr\u00f3ximo s\u00e1bado, d\u00eda 29 de junio, a las 18.00 horas, en la Iglesia del Convento de las RR.MM. Concepcionistas, una Misa por el eterno descanso del alma de D. Primo Lucio Panera Bur\u00f3n, Capell\u00e1n de la Cofrad\u00eda desde 1997.<\/p>\n","protected":false},"excerpt":{"rendered":"<p>La Cofrad\u00eda Santo Sepulcro \u2013 Esperanza de la Vida aplicar\u00e1, el pr\u00f3ximo s\u00e1bado, d\u00eda 29 de junio, a las 18.00 horas, en la Iglesia del Convento de las RR.MM. Concepcionistas, una Misa por el eterno descanso del alma de D. Primo Lucio Panera Bur\u00f3n, Capell\u00e1n de la Cofrad\u00eda desde 1997.<\/p>\n","protected":false},"author":1,"featured_media":3360,"comment_status":"open","ping_status":"open","sticky":false,"template":"","format":"standard","meta":{"footnotes":""},"categories":[28],"tags":[],"class_list":["post-4474","post","type-post","status-publish","format-standard","has-post-thumbnail","hentry","category-historico"],"_links":{"self":[{"href":"https:\/\/pruebas.cursopracticoseo.com\/wordpress_o\/wp-json\/wp\/v2\/posts\/4474","targetHints":{"allow":["GET"]}}],"collection":[{"href":"https:\/\/pruebas.cursopracticoseo.com\/wordpress_o\/wp-json\/wp\/v2\/posts"}],"about":[{"href":"https:\/\/pruebas.cursopracticoseo.com\/wordpress_o\/wp-json\/wp\/v2\/types\/post"}],"author":[{"embeddable":true,"href":"https:\/\/pruebas.cursopracticoseo.com\/wordpress_o\/wp-json\/wp\/v2\/users\/1"}],"replies":[{"embeddable":true,"href":"https:\/\/pruebas.cursopracticoseo.com\/wordpress_o\/wp-json\/wp\/v2\/comments?post=4474"}],"version-history":[{"count":1,"href":"https:\/\/pruebas.cursopracticoseo.com\/wordpress_o\/wp-json\/wp\/v2\/posts\/4474\/revisions"}],"predecessor-version":[{"id":7005,"href":"https:\/\/pruebas.cursopracticoseo.com\/wordpress_o\/wp-json\/wp\/v2\/posts\/4474\/revisions\/7005"}],"wp:featuredmedia":[{"embeddable":true,"href":"https:\/\/pruebas.cursopracticoseo.com\/wordpress_o\/wp-json\/wp\/v2\/media\/3360"}],"wp:attachment":[{"href":"https:\/\/pruebas.cursopracticoseo.com\/wordpress_o\/wp-json\/wp\/v2\/media?parent=4474"}],"wp:term":[{"taxonomy":"category","embeddable":true,"href":"https:\/\/pruebas.cursopracticoseo.com\/wordpress_o\/wp-json\/wp\/v2\/categories?post=4474"},{"taxonomy":"post_tag","embeddable":true,"href":"https:\/\/pruebas.cursopracticoseo.com\/wordpress_o\/wp-json\/wp\/v2\/tags?post=4474"}],"curies":[{"name":"wp","href":"https:\/\/api.w.org\/{rel}","templated":true}]}}